{"id":10197,"date":"2018-11-28T08:05:01","date_gmt":"2018-11-28T07:05:01","guid":{"rendered":"http:\/\/www.cde.ual.es\/?p=10197"},"modified":"2018-11-27T10:33:00","modified_gmt":"2018-11-27T09:33:00","slug":"vacante-de-fiscal-general-europeo","status":"publish","type":"post","link":"https:\/\/www.cde.ual.es\/en\/vacante-de-fiscal-general-europeo\/","title":{"rendered":"Vacante de Fiscal General Europeo"},"content":{"rendered":"<p><a href=\"http:\/\/www.cde.ual.es\/wp-content\/uploads\/2018\/11\/Vacante-fiscal.png\"><img decoding=\"async\" class=\"size-medium wp-image-10265 aligncenter\" src=\"http:\/\/www.cde.ual.es\/wp-content\/uploads\/2018\/11\/Vacante-fiscal-300x171.png\" alt=\"\" width=\"300\" height=\"171\" srcset=\"https:\/\/www.cde.ual.es\/wp-content\/uploads\/2018\/11\/Vacante-fiscal-300x171.png 300w, https:\/\/www.cde.ual.es\/wp-content\/uploads\/2018\/11\/Vacante-fiscal-768x437.png 768w, https:\/\/www.cde.ual.es\/wp-content\/uploads\/2018\/11\/Vacante-fiscal.png 879w\" sizes=\"(max-width: 300px) 100vw, 300px\" \/><\/a><\/p>\n<p id=\"d1e47-1-1\" class=\"ti-grseq-1\"><em><strong><span class=\"bold\">Fiscal\u00eda Europea<\/span><\/strong><\/em><\/p>\n<p class=\"normal\">La Fiscal\u00eda Europea ser\u00e1 un Ministerio Fiscal europeo independiente encargado de investigar los delitos que perjudiquen a los intereses financieros de la UE, as\u00ed como de ejercer la acci\u00f3n penal y solicitar la apertura de juicio contra sus autores y los c\u00f3mplices de estos. El Reglamento (UE) 2017\/1939 sobre la Fiscal\u00eda Europea<a id=\"ntc1-CA2018418ES.01000101-E0001\" href=\"https:\/\/eur-lex.europa.eu\/legal-content\/ES\/TXT\/?uri=CELEX:C2018\/418A\/01#ntr1-CA2018418ES.01000101-E0001\"><\/a>\u00a0entr\u00f3 en vigor el 20\u00a0de\u00a0noviembre de\u00a02017. De conformidad con el art\u00edculo\u00a0120 de dicho Reglamento, la Fiscal\u00eda Europea asumir\u00e1 sus funciones tras una decisi\u00f3n de la Comisi\u00f3n, una vez se haya establecido, pero nunca antes de tres a\u00f1os despu\u00e9s de la fecha de entrada en vigor del Reglamento sobre la Fiscal\u00eda Europea.<\/p>\n<p class=\"normal\">El per\u00edodo entre la entrada en vigor del Reglamento sobre la Fiscal\u00eda Europea y la fecha en la que la Fiscal\u00eda Europea asuma sus funciones se dedicar\u00e1 a la creaci\u00f3n del nuevo \u00f3rgano del UE. En consonancia con el art\u00edculo\u00a020 del Reglamento sobre la Fiscal\u00eda Europea, la Comisi\u00f3n se encargar\u00e1 del establecimiento y el funcionamiento administrativo inicial de la Fiscal\u00eda Europea hasta que esta tenga capacidad para ejecutar su propio presupuesto.<\/p>\n<p class=\"normal\">De conformidad con el art\u00edculo\u00a014, apartado\u00a01, del Reglamento sobre la Fiscal\u00eda Europea, el Fiscal General Europeo ser\u00e1 nombrado\u00a0<span class=\"bold\">por un mandato no renovable de siete a\u00f1os<\/span>.<\/p>\n<h3 id=\"d1e134-1-1\" class=\"ti-grseq-1\"><span class=\"bold\">Criterios de admisi\u00f3n<\/span><\/h3>\n<p class=\"normal\">Para ser admitidos a la fase de selecci\u00f3n, los candidatos deber\u00e1n reunir los siguientes requisitos m\u00ednimos en el plazo para la presentaci\u00f3n de las candidaturas:<\/p>\n<p class=\"normal\"><span class=\"italic\">Nacionalidad<\/span>: ser ciudadano de alguno de los Estados miembros de la UE que participan en la cooperaci\u00f3n reforzada en virtud del Reglamento sobre la Fiscal\u00eda Europea.<\/p>\n<p class=\"normal\"><span class=\"italic\">Experiencia profesional<\/span>: ser miembro activo del Ministerio p\u00fablico o del poder judicial y reunir las condiciones requeridas para el ejercicio de las m\u00e1s altas funciones del Ministerio p\u00fablico o del poder judicial en sus respectivos Estados miembros, ofrecer absolutas garant\u00edas de independencia y tener una experiencia pr\u00e1ctica pertinente en lo que ata\u00f1e a los sistemas jur\u00eddicos nacionales, las investigaciones financieras y la cooperaci\u00f3n judicial internacional en materia penal, ya sea a nivel nacional, europeo o internacional.<\/p>\n<p class=\"normal\"><span class=\"italic\">Lenguas<\/span>: los candidatos deber\u00e1n poseer un conocimiento profundo de una de las lenguas de la Uni\u00f3n y un conocimiento satisfactorio de otra lengua de la Uni\u00f3n, como exige el art\u00edculo\u00a012, apartado\u00a02, letra\u00a0e), del R\u00e9gimen aplicable a los otros agentes de la Uni\u00f3n Europea.<\/p>\n<p class=\"normal\"><span class=\"italic\">Edad<\/span>: seg\u00fan el art\u00edculo\u00a014 del Reglamento sobre la Fiscal\u00eda Europea, el Fiscal General Europeo ser\u00e1 nombrado por un mandato no renovable de siete a\u00f1os. Tambi\u00e9n son de aplicaci\u00f3n el art\u00edculo\u00a047, letra\u00a0a), del R\u00e9gimen aplicable a los otros agentes de la Uni\u00f3n Europea y el art\u00edculo\u00a052 del Estatuto de los funcionarios de la Uni\u00f3n Europea. Esto significa que el Fiscal General Europeo debe poder cumplir su mandato de siete a\u00f1os y jubilarse, como m\u00e1ximo, a los 70 a\u00f1os de edad, en el entendimiento de que si es necesaria una pr\u00f3rroga despu\u00e9s de los 66 a\u00f1os, la autoridad facultada para proceder a los nombramientos competente la conceder\u00e1 autom\u00e1ticamente. Por consiguiente, los candidatos no deben ser mayores de 63 a\u00f1os en el momento del nombramiento, que se espera surta efectos el 1\u00a0de\u00a0marzo de\u00a02019.<\/p>\n<p class=\"normal\">Adem\u00e1s, los candidatos deben haber cumplido todas las obligaciones impuestas por la legislaci\u00f3n en materia de servicio militar, ofrecer las garant\u00edas de moralidad requeridas para el ejercicio de sus funciones y ser f\u00edsicamente aptos para llevar a cabo sus funciones.<\/p>\n<p class=\"normal\">El candidato seleccionado deber\u00e1 poseer, o estar en condiciones de obtener, un certificado v\u00e1lido de habilitaci\u00f3n de seguridad\u00a0<span class=\"bold\">para el nivel EU Secret<\/span>\u00a0expedido por su autoridad nacional de seguridad.<\/p>\n<p class=\"normal\">Una habilitaci\u00f3n personal de seguridad es una decisi\u00f3n administrativa al t\u00e9rmino de un cribado de seguridad realizado por la autoridad nacional de seguridad competente, de conformidad con las disposiciones legales y reglamentarias nacionales de seguridad aplicables, por la que se certifica que el interesado puede ser autorizado a acceder a informaci\u00f3n clasificada hasta un nivel determinado. Obs\u00e9rvese que el procedimiento necesario para la obtenci\u00f3n de una habilitaci\u00f3n de seguridad solo puede iniciarse a petici\u00f3n del empleador, no del candidato.<\/p>\n<p class=\"normal\">El nombramiento para el puesto solo tendr\u00e1 efecto si el candidato seleccionado ha obtenido un certificado v\u00e1lido de habilitaci\u00f3n de seguridad.<\/p>\n<h3>Plazo<\/h3>\n<p>La fecha l\u00edmite de inscripci\u00f3n es el 14 de diciembre de 2018 a las 12.00 horas<\/p>\n<h3>M\u00e1s informaci\u00f3n<\/h3>\n<p><a href=\"https:\/\/eur-lex.europa.eu\/legal-content\/ES\/TXT\/?uri=CELEX:C2018\/418A\/01\">(2018\/C 418 A\/01)<\/a><\/p>\n","protected":false},"excerpt":{"rendered":"<p>Fiscal\u00eda Europea La Fiscal\u00eda Europea ser\u00e1 un Ministerio Fiscal europeo independiente encargado de investigar los delitos que perjudiquen a los intereses financieros de la UE, as\u00ed como de ejercer la acci\u00f3n penal y solicitar la apertura de juicio contra sus autores y los c\u00f3mplices de estos. El Reglamento (UE) 2017\/1939 sobre la Fiscal\u00eda Europea\u00a0entr\u00f3 en [&hellip;]<\/p>\n","protected":false},"author":1,"featured_media":10265,"comment_status":"open","ping_status":"open","sticky":false,"template":"","format":"standard","meta":{"_acf_changed":false,"_relevanssi_hide_post":"","_relevanssi_hide_content":"","_relevanssi_pin_for_all":"","_relevanssi_pin_keywords":"","_relevanssi_unpin_keywords":"","_relevanssi_related_keywords":"","_relevanssi_related_include_ids":"","_relevanssi_related_exclude_ids":"","_relevanssi_related_no_append":"","_relevanssi_related_not_related":"","_relevanssi_related_posts":"","_relevanssi_noindex_reason":"","_monsterinsights_skip_tracking":false,"_monsterinsights_sitenote_active":false,"_monsterinsights_sitenote_note":"","_monsterinsights_sitenote_category":0,"_genesis_hide_title":false,"_genesis_hide_breadcrumbs":false,"_genesis_hide_singular_image":false,"_genesis_hide_footer_widgets":false,"_genesis_custom_body_class":"","_genesis_custom_post_class":"","_genesis_layout":"","footnotes":""},"categories":[96],"tags":[130,172],"class_list":{"0":"post-10197","1":"post","2":"type-post","3":"status-publish","4":"format-standard","5":"has-post-thumbnail","7":"category-noticias-ue","8":"tag-derecho","9":"tag-trabajo-y-empleo","10":"entry"},"acf":[],"yoast_head":"<!-- This site is optimized with the Yoast SEO plugin v27.5 - https:\/\/yoast.com\/product\/yoast-seo-wordpress\/ -->\n<title>Vacante de Fiscal General Europeo | CDE Almer\u00eda - Centro de Documentaci\u00f3n Europea - Universidad de Almer\u00eda<\/title>\n<meta name=\"robots\" content=\"index, follow, max-snippet:-1, max-image-preview:large, max-video-preview:-1\" \/>\n<link rel=\"canonical\" href=\"https:\/\/www.cde.ual.es\/vacante-de-fiscal-general-europeo\/\" \/>\n<meta property=\"og:locale\" content=\"en_US\" \/>\n<meta property=\"og:type\" content=\"article\" \/>\n<meta property=\"og:title\" content=\"Vacante de Fiscal General Europeo | CDE Almer\u00eda - Centro de Documentaci\u00f3n Europea - Universidad de Almer\u00eda\" \/>\n<meta property=\"og:description\" content=\"Fiscal\u00eda Europea La Fiscal\u00eda Europea ser\u00e1 un Ministerio Fiscal europeo independiente encargado de investigar los delitos que perjudiquen a los intereses financieros de la UE, as\u00ed como de ejercer la acci\u00f3n penal y solicitar la apertura de juicio contra sus autores y los c\u00f3mplices de estos. El Reglamento (UE) 2017\/1939 sobre la Fiscal\u00eda Europea\u00a0entr\u00f3 en [&hellip;]\" \/>\n<meta property=\"og:url\" content=\"https:\/\/www.cde.ual.es\/vacante-de-fiscal-general-europeo\/\" \/>\n<meta property=\"og:site_name\" content=\"CDE Almer\u00eda - Centro de Documentaci\u00f3n Europea - Universidad de Almer\u00eda\" \/>\n<meta property=\"article:publisher\" content=\"https:\/\/www.facebook.com\/cdeuniversidadalmeria\/\" \/>\n<meta property=\"article:published_time\" content=\"2018-11-28T07:05:01+00:00\" \/>\n<meta property=\"og:image\" content=\"https:\/\/www.cde.ual.es\/wp-content\/uploads\/2018\/11\/Vacante-fiscal.png\" \/>\n\t<meta property=\"og:image:width\" content=\"879\" \/>\n\t<meta property=\"og:image:height\" content=\"500\" \/>\n\t<meta property=\"og:image:type\" content=\"image\/png\" \/>\n<meta name=\"author\" content=\"AdminCDE\" \/>\n<meta name=\"twitter:card\" content=\"summary_large_image\" \/>\n<meta name=\"twitter:creator\" content=\"@cdeualmeria\" \/>\n<meta name=\"twitter:site\" content=\"@cdeualmeria\" \/>\n<meta name=\"twitter:label1\" content=\"Written by\" \/>\n\t<meta name=\"twitter:data1\" content=\"AdminCDE\" \/>\n\t<meta name=\"twitter:label2\" content=\"Est. reading time\" \/>\n\t<meta name=\"twitter:data2\" content=\"4 minutes\" \/>\n<script type=\"application\/ld+json\" class=\"yoast-schema-graph\">{\"@context\":\"https:\\\/\\\/schema.org\",\"@graph\":[{\"@type\":\"Article\",\"@id\":\"https:\\\/\\\/www.cde.ual.es\\\/vacante-de-fiscal-general-europeo\\\/#article\",\"isPartOf\":{\"@id\":\"https:\\\/\\\/www.cde.ual.es\\\/vacante-de-fiscal-general-europeo\\\/\"},\"author\":{\"name\":\"AdminCDE\",\"@id\":\"https:\\\/\\\/www.cde.ual.es\\\/#\\\/schema\\\/person\\\/224ef08c8bcc005f319d2713ce37ee5f\"},\"headline\":\"Vacante de Fiscal General Europeo\",\"datePublished\":\"2018-11-28T07:05:01+00:00\",\"mainEntityOfPage\":{\"@id\":\"https:\\\/\\\/www.cde.ual.es\\\/vacante-de-fiscal-general-europeo\\\/\"},\"wordCount\":781,\"commentCount\":0,\"publisher\":{\"@id\":\"https:\\\/\\\/www.cde.ual.es\\\/#organization\"},\"image\":{\"@id\":\"https:\\\/\\\/www.cde.ual.es\\\/vacante-de-fiscal-general-europeo\\\/#primaryimage\"},\"thumbnailUrl\":\"https:\\\/\\\/www.cde.ual.es\\\/wp-content\\\/uploads\\\/2018\\\/11\\\/Vacante-fiscal.png\",\"keywords\":[\"Derecho\",\"Trabajo y empleo\"],\"articleSection\":[\"Noticias UE\"],\"inLanguage\":\"en-US\",\"potentialAction\":[{\"@type\":\"CommentAction\",\"name\":\"Comment\",\"target\":[\"https:\\\/\\\/www.cde.ual.es\\\/vacante-de-fiscal-general-europeo\\\/#respond\"]}]},{\"@type\":\"WebPage\",\"@id\":\"https:\\\/\\\/www.cde.ual.es\\\/vacante-de-fiscal-general-europeo\\\/\",\"url\":\"https:\\\/\\\/www.cde.ual.es\\\/vacante-de-fiscal-general-europeo\\\/\",\"name\":\"Vacante de Fiscal General Europeo | CDE Almer\u00eda - Centro de Documentaci\u00f3n Europea - Universidad de Almer\u00eda\",\"isPartOf\":{\"@id\":\"https:\\\/\\\/www.cde.ual.es\\\/#website\"},\"primaryImageOfPage\":{\"@id\":\"https:\\\/\\\/www.cde.ual.es\\\/vacante-de-fiscal-general-europeo\\\/#primaryimage\"},\"image\":{\"@id\":\"https:\\\/\\\/www.cde.ual.es\\\/vacante-de-fiscal-general-europeo\\\/#primaryimage\"},\"thumbnailUrl\":\"https:\\\/\\\/www.cde.ual.es\\\/wp-content\\\/uploads\\\/2018\\\/11\\\/Vacante-fiscal.png\",\"datePublished\":\"2018-11-28T07:05:01+00:00\",\"breadcrumb\":{\"@id\":\"https:\\\/\\\/www.cde.ual.es\\\/vacante-de-fiscal-general-europeo\\\/#breadcrumb\"},\"inLanguage\":\"en-US\",\"potentialAction\":[{\"@type\":\"ReadAction\",\"target\":[\"https:\\\/\\\/www.cde.ual.es\\\/vacante-de-fiscal-general-europeo\\\/\"]}]},{\"@type\":\"ImageObject\",\"inLanguage\":\"en-US\",\"@id\":\"https:\\\/\\\/www.cde.ual.es\\\/vacante-de-fiscal-general-europeo\\\/#primaryimage\",\"url\":\"https:\\\/\\\/www.cde.ual.es\\\/wp-content\\\/uploads\\\/2018\\\/11\\\/Vacante-fiscal.png\",\"contentUrl\":\"https:\\\/\\\/www.cde.ual.es\\\/wp-content\\\/uploads\\\/2018\\\/11\\\/Vacante-fiscal.png\",\"width\":879,\"height\":500},{\"@type\":\"BreadcrumbList\",\"@id\":\"https:\\\/\\\/www.cde.ual.es\\\/vacante-de-fiscal-general-europeo\\\/#breadcrumb\",\"itemListElement\":[{\"@type\":\"ListItem\",\"position\":1,\"name\":\"Inicio\",\"item\":\"https:\\\/\\\/www.cde.ual.es\\\/en\\\/\"},{\"@type\":\"ListItem\",\"position\":2,\"name\":\"Noticias UE\",\"item\":\"https:\\\/\\\/www.cde.ual.es\\\/category\\\/noticias-ue\\\/\"},{\"@type\":\"ListItem\",\"position\":3,\"name\":\"Vacante de Fiscal General Europeo\"}]},{\"@type\":\"WebSite\",\"@id\":\"https:\\\/\\\/www.cde.ual.es\\\/#website\",\"url\":\"https:\\\/\\\/www.cde.ual.es\\\/\",\"name\":\"CDE Almer\u00eda - Centro de Documentaci\u00f3n Europea - Universidad de Almer\u00eda\",\"description\":\"Centro de Documentaci\u00f3n Europea de la Universidad de Almer\u00eda\",\"publisher\":{\"@id\":\"https:\\\/\\\/www.cde.ual.es\\\/#organization\"},\"alternateName\":\"CDE Almer\u00eda\",\"potentialAction\":[{\"@type\":\"SearchAction\",\"target\":{\"@type\":\"EntryPoint\",\"urlTemplate\":\"https:\\\/\\\/www.cde.ual.es\\\/?s={search_term_string}\"},\"query-input\":{\"@type\":\"PropertyValueSpecification\",\"valueRequired\":true,\"valueName\":\"search_term_string\"}}],\"inLanguage\":\"en-US\"},{\"@type\":\"Organization\",\"@id\":\"https:\\\/\\\/www.cde.ual.es\\\/#organization\",\"name\":\"Centro de Documentaci\u00f3n Europea de Almer\u00eda\",\"url\":\"https:\\\/\\\/www.cde.ual.es\\\/\",\"logo\":{\"@type\":\"ImageObject\",\"inLanguage\":\"en-US\",\"@id\":\"https:\\\/\\\/www.cde.ual.es\\\/#\\\/schema\\\/logo\\\/image\\\/\",\"url\":\"https:\\\/\\\/www.cde.ual.es\\\/wp-content\\\/uploads\\\/2025\\\/07\\\/cde-logo-3.png\",\"contentUrl\":\"https:\\\/\\\/www.cde.ual.es\\\/wp-content\\\/uploads\\\/2025\\\/07\\\/cde-logo-3.png\",\"width\":1400,\"height\":300,\"caption\":\"Centro de Documentaci\u00f3n Europea de Almer\u00eda\"},\"image\":{\"@id\":\"https:\\\/\\\/www.cde.ual.es\\\/#\\\/schema\\\/logo\\\/image\\\/\"},\"sameAs\":[\"https:\\\/\\\/www.facebook.com\\\/cdeuniversidadalmeria\\\/\",\"https:\\\/\\\/x.com\\\/cdeualmeria\",\"https:\\\/\\\/www.tiktok.com\\\/@cdealmeria\",\"https:\\\/\\\/www.instagram.com\\\/cdealmeria\\\/\",\"https:\\\/\\\/www.linkedin.com\\\/in\\\/cde-almera-812b26a9\\\/\"]},{\"@type\":\"Person\",\"@id\":\"https:\\\/\\\/www.cde.ual.es\\\/#\\\/schema\\\/person\\\/224ef08c8bcc005f319d2713ce37ee5f\",\"name\":\"AdminCDE\",\"image\":{\"@type\":\"ImageObject\",\"inLanguage\":\"en-US\",\"@id\":\"https:\\\/\\\/secure.gravatar.com\\\/avatar\\\/a72d038d371f995cd13706fac32274b7952a52e8fb0a84b5f80c85426f2a98a8?s=96&d=mm&r=g\",\"url\":\"https:\\\/\\\/secure.gravatar.com\\\/avatar\\\/a72d038d371f995cd13706fac32274b7952a52e8fb0a84b5f80c85426f2a98a8?s=96&d=mm&r=g\",\"contentUrl\":\"https:\\\/\\\/secure.gravatar.com\\\/avatar\\\/a72d038d371f995cd13706fac32274b7952a52e8fb0a84b5f80c85426f2a98a8?s=96&d=mm&r=g\",\"caption\":\"AdminCDE\"}}]}<\/script>\n<!-- \/ Yoast SEO plugin. -->","yoast_head_json":{"title":"Vacante de Fiscal General Europeo | CDE Almer\u00eda - Centro de Documentaci\u00f3n Europea - Universidad de Almer\u00eda","robots":{"index":"index","follow":"follow","max-snippet":"max-snippet:-1","max-image-preview":"max-image-preview:large","max-video-preview":"max-video-preview:-1"},"canonical":"https:\/\/www.cde.ual.es\/vacante-de-fiscal-general-europeo\/","og_locale":"en_US","og_type":"article","og_title":"Vacante de Fiscal General Europeo | CDE Almer\u00eda - Centro de Documentaci\u00f3n Europea - Universidad de Almer\u00eda","og_description":"Fiscal\u00eda Europea La Fiscal\u00eda Europea ser\u00e1 un Ministerio Fiscal europeo independiente encargado de investigar los delitos que perjudiquen a los intereses financieros de la UE, as\u00ed como de ejercer la acci\u00f3n penal y solicitar la apertura de juicio contra sus autores y los c\u00f3mplices de estos. El Reglamento (UE) 2017\/1939 sobre la Fiscal\u00eda Europea\u00a0entr\u00f3 en [&hellip;]","og_url":"https:\/\/www.cde.ual.es\/vacante-de-fiscal-general-europeo\/","og_site_name":"CDE Almer\u00eda - Centro de Documentaci\u00f3n Europea - Universidad de Almer\u00eda","article_publisher":"https:\/\/www.facebook.com\/cdeuniversidadalmeria\/","article_published_time":"2018-11-28T07:05:01+00:00","og_image":[{"width":879,"height":500,"url":"https:\/\/www.cde.ual.es\/wp-content\/uploads\/2018\/11\/Vacante-fiscal.png","type":"image\/png"}],"author":"AdminCDE","twitter_card":"summary_large_image","twitter_creator":"@cdeualmeria","twitter_site":"@cdeualmeria","twitter_misc":{"Written by":"AdminCDE","Est. reading time":"4 minutes"},"schema":{"@context":"https:\/\/schema.org","@graph":[{"@type":"Article","@id":"https:\/\/www.cde.ual.es\/vacante-de-fiscal-general-europeo\/#article","isPartOf":{"@id":"https:\/\/www.cde.ual.es\/vacante-de-fiscal-general-europeo\/"},"author":{"name":"AdminCDE","@id":"https:\/\/www.cde.ual.es\/#\/schema\/person\/224ef08c8bcc005f319d2713ce37ee5f"},"headline":"Vacante de Fiscal General Europeo","datePublished":"2018-11-28T07:05:01+00:00","mainEntityOfPage":{"@id":"https:\/\/www.cde.ual.es\/vacante-de-fiscal-general-europeo\/"},"wordCount":781,"commentCount":0,"publisher":{"@id":"https:\/\/www.cde.ual.es\/#organization"},"image":{"@id":"https:\/\/www.cde.ual.es\/vacante-de-fiscal-general-europeo\/#primaryimage"},"thumbnailUrl":"https:\/\/www.cde.ual.es\/wp-content\/uploads\/2018\/11\/Vacante-fiscal.png","keywords":["Derecho","Trabajo y empleo"],"articleSection":["Noticias UE"],"inLanguage":"en-US","potentialAction":[{"@type":"CommentAction","name":"Comment","target":["https:\/\/www.cde.ual.es\/vacante-de-fiscal-general-europeo\/#respond"]}]},{"@type":"WebPage","@id":"https:\/\/www.cde.ual.es\/vacante-de-fiscal-general-europeo\/","url":"https:\/\/www.cde.ual.es\/vacante-de-fiscal-general-europeo\/","name":"Vacante de Fiscal General Europeo | CDE Almer\u00eda - Centro de Documentaci\u00f3n Europea - Universidad de Almer\u00eda","isPartOf":{"@id":"https:\/\/www.cde.ual.es\/#website"},"primaryImageOfPage":{"@id":"https:\/\/www.cde.ual.es\/vacante-de-fiscal-general-europeo\/#primaryimage"},"image":{"@id":"https:\/\/www.cde.ual.es\/vacante-de-fiscal-general-europeo\/#primaryimage"},"thumbnailUrl":"https:\/\/www.cde.ual.es\/wp-content\/uploads\/2018\/11\/Vacante-fiscal.png","datePublished":"2018-11-28T07:05:01+00:00","breadcrumb":{"@id":"https:\/\/www.cde.ual.es\/vacante-de-fiscal-general-europeo\/#breadcrumb"},"inLanguage":"en-US","potentialAction":[{"@type":"ReadAction","target":["https:\/\/www.cde.ual.es\/vacante-de-fiscal-general-europeo\/"]}]},{"@type":"ImageObject","inLanguage":"en-US","@id":"https:\/\/www.cde.ual.es\/vacante-de-fiscal-general-europeo\/#primaryimage","url":"https:\/\/www.cde.ual.es\/wp-content\/uploads\/2018\/11\/Vacante-fiscal.png","contentUrl":"https:\/\/www.cde.ual.es\/wp-content\/uploads\/2018\/11\/Vacante-fiscal.png","width":879,"height":500},{"@type":"BreadcrumbList","@id":"https:\/\/www.cde.ual.es\/vacante-de-fiscal-general-europeo\/#breadcrumb","itemListElement":[{"@type":"ListItem","position":1,"name":"Inicio","item":"https:\/\/www.cde.ual.es\/en\/"},{"@type":"ListItem","position":2,"name":"Noticias UE","item":"https:\/\/www.cde.ual.es\/category\/noticias-ue\/"},{"@type":"ListItem","position":3,"name":"Vacante de Fiscal General Europeo"}]},{"@type":"WebSite","@id":"https:\/\/www.cde.ual.es\/#website","url":"https:\/\/www.cde.ual.es\/","name":"CDE Almer\u00eda - Centro de Documentaci\u00f3n Europea - Universidad de Almer\u00eda","description":"Centro de Documentaci\u00f3n Europea de la Universidad de Almer\u00eda","publisher":{"@id":"https:\/\/www.cde.ual.es\/#organization"},"alternateName":"CDE Almer\u00eda","potentialAction":[{"@type":"SearchAction","target":{"@type":"EntryPoint","urlTemplate":"https:\/\/www.cde.ual.es\/?s={search_term_string}"},"query-input":{"@type":"PropertyValueSpecification","valueRequired":true,"valueName":"search_term_string"}}],"inLanguage":"en-US"},{"@type":"Organization","@id":"https:\/\/www.cde.ual.es\/#organization","name":"Centro de Documentaci\u00f3n Europea de Almer\u00eda","url":"https:\/\/www.cde.ual.es\/","logo":{"@type":"ImageObject","inLanguage":"en-US","@id":"https:\/\/www.cde.ual.es\/#\/schema\/logo\/image\/","url":"https:\/\/www.cde.ual.es\/wp-content\/uploads\/2025\/07\/cde-logo-3.png","contentUrl":"https:\/\/www.cde.ual.es\/wp-content\/uploads\/2025\/07\/cde-logo-3.png","width":1400,"height":300,"caption":"Centro de Documentaci\u00f3n Europea de Almer\u00eda"},"image":{"@id":"https:\/\/www.cde.ual.es\/#\/schema\/logo\/image\/"},"sameAs":["https:\/\/www.facebook.com\/cdeuniversidadalmeria\/","https:\/\/x.com\/cdeualmeria","https:\/\/www.tiktok.com\/@cdealmeria","https:\/\/www.instagram.com\/cdealmeria\/","https:\/\/www.linkedin.com\/in\/cde-almera-812b26a9\/"]},{"@type":"Person","@id":"https:\/\/www.cde.ual.es\/#\/schema\/person\/224ef08c8bcc005f319d2713ce37ee5f","name":"AdminCDE","image":{"@type":"ImageObject","inLanguage":"en-US","@id":"https:\/\/secure.gravatar.com\/avatar\/a72d038d371f995cd13706fac32274b7952a52e8fb0a84b5f80c85426f2a98a8?s=96&d=mm&r=g","url":"https:\/\/secure.gravatar.com\/avatar\/a72d038d371f995cd13706fac32274b7952a52e8fb0a84b5f80c85426f2a98a8?s=96&d=mm&r=g","contentUrl":"https:\/\/secure.gravatar.com\/avatar\/a72d038d371f995cd13706fac32274b7952a52e8fb0a84b5f80c85426f2a98a8?s=96&d=mm&r=g","caption":"AdminCDE"}}]}},"_links":{"self":[{"href":"https:\/\/www.cde.ual.es\/en\/wp-json\/wp\/v2\/posts\/10197","targetHints":{"allow":["GET"]}}],"collection":[{"href":"https:\/\/www.cde.ual.es\/en\/wp-json\/wp\/v2\/posts"}],"about":[{"href":"https:\/\/www.cde.ual.es\/en\/wp-json\/wp\/v2\/types\/post"}],"author":[{"embeddable":true,"href":"https:\/\/www.cde.ual.es\/en\/wp-json\/wp\/v2\/users\/1"}],"replies":[{"embeddable":true,"href":"https:\/\/www.cde.ual.es\/en\/wp-json\/wp\/v2\/comments?post=10197"}],"version-history":[{"count":0,"href":"https:\/\/www.cde.ual.es\/en\/wp-json\/wp\/v2\/posts\/10197\/revisions"}],"wp:featuredmedia":[{"embeddable":true,"href":"https:\/\/www.cde.ual.es\/en\/wp-json\/wp\/v2\/media\/10265"}],"wp:attachment":[{"href":"https:\/\/www.cde.ual.es\/en\/wp-json\/wp\/v2\/media?parent=10197"}],"wp:term":[{"taxonomy":"category","embeddable":true,"href":"https:\/\/www.cde.ual.es\/en\/wp-json\/wp\/v2\/categories?post=10197"},{"taxonomy":"post_tag","embeddable":true,"href":"https:\/\/www.cde.ual.es\/en\/wp-json\/wp\/v2\/tags?post=10197"}],"curies":[{"name":"wp","href":"https:\/\/api.w.org\/{rel}","templated":true}]}}