{"id":10142,"date":"2018-11-27T08:00:14","date_gmt":"2018-11-27T07:00:14","guid":{"rendered":"http:\/\/www.cde.ual.es\/?p=10142"},"modified":"2018-11-26T08:54:11","modified_gmt":"2018-11-26T07:54:11","slug":"las-regiones-ultraperifericas-y-la-union-europea-una-colaboracion-renovada-y-reforzada","status":"publish","type":"post","link":"https:\/\/www.cde.ual.es\/en\/las-regiones-ultraperifericas-y-la-union-europea-una-colaboracion-renovada-y-reforzada\/","title":{"rendered":"Las regiones ultraperif\u00e9ricas y la Uni\u00f3n Europea: una colaboraci\u00f3n renovada y reforzada"},"content":{"rendered":"<div class=\"lead\">\n<p style=\"text-align: center;\"><strong>La Comisi\u00f3n ha presentado una serie de iniciativas para ayudar a las regiones ultraperif\u00e9ricas a desarrollar plenamente su potencial, un a\u00f1o despu\u00e9s del lanzamiento de la nueva estrategia de la UE para estas regiones.<\/strong><\/p>\n<p><a href=\"http:\/\/www.cde.ual.es\/wp-content\/uploads\/2018\/11\/bay-blue-blue-sky-1139040.jpg\"><img decoding=\"async\" class=\"size-medium wp-image-10147 aligncenter\" src=\"http:\/\/www.cde.ual.es\/wp-content\/uploads\/2018\/11\/bay-blue-blue-sky-1139040-300x225.jpg\" alt=\"\" width=\"300\" height=\"225\" \/><\/a><\/p>\n<\/div>\n<div class=\"content\">\n<p>Con motivo de la conferencia anual de las regiones ultraperif\u00e9ricas (las nueve regiones europeas situadas a miles de kil\u00f3metros del continente europeo:<em> Islas Canarias,\u00a0las\u00a0Azores, Guadalupe, Guayana francesa, Madeira, Martinica, Mayotte, La Reuni\u00f3n y San Mart\u00edn<\/em>), celebrada el pasado viernes 23 de noviembre, la UE ha mostrado su firme compromiso de ayudar a estas regiones a sacar provecho de la mundializaci\u00f3n.<\/p>\n<p>Estas iniciativas, que tienen por objetivo promover la innovaci\u00f3n, la econom\u00eda circular y el crecimiento azul en estas regiones, se conjugan con la atenci\u00f3n prestada a sus necesidades espec\u00edficas en las propuestas de la Comisi\u00f3n en el marco del <a href=\"http:\/\/europa.eu\/rapid\/press-release_IP-18-3570_es.htm\">pr\u00f3ximo presupuesto<\/a> a largo plazo de la Uni\u00f3n Europea para el per\u00edodo 2021-2027.<\/p>\n<h4>Un lugar especial en la propuesta de presupuesto a largo plazo de Europa<\/h4>\n<p>Desde la pol\u00edtica de cohesi\u00f3n hasta las inversiones europeas en los transportes, pasando por la investigaci\u00f3n o la innovaci\u00f3n y, por supuesto, la pol\u00edtica agr\u00edcola y la pesca, veintiuna propuestas sectoriales enmarcadas en el pr\u00f3ximo presupuesto de la UE tienen en cuenta las caracter\u00edsticas espec\u00edficas de las regiones ultraperif\u00e9ricas, lo que traduce en t\u00e9rminos financieros la atenci\u00f3n especial que la Comisi\u00f3n Juncker presta a estas regiones.<\/p>\n<h4>Posibilidad de utilizar las ayudas p\u00fablicas para apoyar la renovaci\u00f3n de la flota pesquera artesanal, en el marco de una pesca sostenible<\/h4>\n<p>Con la modificaci\u00f3n de las directrices de las ayudas p\u00fablicas para la pesca y la acuicultura, la Comisi\u00f3n posibilitar\u00e1 la adquisici\u00f3n de nuevas embarcaciones en esas regiones, concediendo m\u00e1s ayudas a la flota peque\u00f1a y mediana. Esta decisi\u00f3n de la Comisi\u00f3n, a pesar de que establece el respeto del equilibrio de los recursos mar\u00edtimos como condici\u00f3n para recibir ayudas p\u00fablicas, supone una bocanada de aire fresco para las comunidades locales .<\/p>\n<h4>Un mejor acceso al Plan Juncker y m\u00e1s proyectos de inversi\u00f3n<\/h4>\n<p>El Plan Juncker confirma su s\u00f3lido anclaje allende los oc\u00e9anos, con m\u00e1s de 2 200 millones de euros de inversiones adicionales movilizadas para el Fondo Europeo para Inversiones Estrat\u00e9gicas (FEIE) en las regiones ultraperif\u00e9ricas. Este mes, el FEIE ha reforzado a\u00fan m\u00e1s sus ayudas a la Adie (la asociaci\u00f3n francesa de microcr\u00e9dito), a fin de apoyar el emprendimiento y las peque\u00f1as empresas locales en las regiones ultraperif\u00e9ricas francesas. El Centro Europeo de Asesoramiento para la Inversi\u00f3n (el \u00abHub\u00bb) tambi\u00e9n ha formulado propuestas para mejorar el acceso de las empresas de esas regiones a la financiaci\u00f3n. Se anima a las regiones a que reflexionen sobre los instrumentos financieros m\u00e1s eficaces para cubrir sus necesidades, y el Hub les ofrecer\u00e1 asesoramiento para su aplicaci\u00f3n.<\/p>\n<h4>Una nueva acci\u00f3n de coordinaci\u00f3n y de apoyo financiada por la UE para fomentar la investigaci\u00f3n y el desarrollo en estas regiones<\/h4>\n<p>Cumpliendo los compromisos de la nueva estrategia, la Comisi\u00f3n ha lanzado esta semana el<a href=\"http:\/\/forwardproject.eu\/es\/\"> proyecto FORWARD,<\/a> que cuenta con una dotaci\u00f3n de 4,3 millones de euros procedentes de Horizonte 2020 y que tiene por objetivo apoyar la innovaci\u00f3n en estas regiones.<\/p>\n<p>En concreto, 24 copart\u00edcipes de las nueve regiones (gobiernos, universidades o agencias de desarrollo) analizar\u00e1n juntos sus sistemas de innovaci\u00f3n y movilizar\u00e1n a actores locales, como la industria, para implicarlos en las estrategias de innovaci\u00f3n basadas en sus puntos fuertes espec\u00edficos y respaldadas por la pol\u00edtica de cohesi\u00f3n. Tambi\u00e9n velar\u00e1n por que se refuercen los v\u00ednculos entre sus regiones y las redes de innovaci\u00f3n europeas o internacionales, para aumentar su participaci\u00f3n en el fututo programa de investigaci\u00f3n Horizonte Europa.<\/p>\n<h4>Un apoyo de la UE hecho a medida, con el lanzamiento de dos grupos de trabajo en la Reuni\u00f3n y en Canarias<\/h4>\n<p>Tras un primera experiencia exitosa en la isla de la Reuni\u00f3n en el \u00e1mbito de la autonom\u00eda y la transici\u00f3n energ\u00e9tica, la Comisi\u00f3n lanza esta semana un segundo grupo de trabajo para mejorar la gesti\u00f3n de los residuos y promover la econom\u00eda circular en las islas Canarias. Todas las partes interesadas (el gobierno regional, el gobierno nacional, la Comisi\u00f3n y el sector privado) trabajar\u00e1n juntas para afrontar este importante reto y mejorar la calidad de vida en el archipi\u00e9lago.<\/p>\n<p>El lugar de las regiones ultraperif\u00e9ricas en los programas del pr\u00f3ximo presupuesto de la UE as\u00ed como estas iniciativas completan el di\u00e1logo directo y constante entre la Comisi\u00f3n Juncker y estas nueve regiones. Son el s\u00edmbolo de una asociaci\u00f3n cada vez m\u00e1s estrecha a todos los niveles y del apoyo constante de la Comisi\u00f3n en el camino de la innovaci\u00f3n y del desarrollo sostenible.<\/p>\n<h4>Contexto<\/h4>\n<p>Las nueve regiones ultraperif\u00e9ricas de la Uni\u00f3n Europea est\u00e1n constituidas por seis colectividades francesas de ultramar (Guayana Francesa, Guadalupe, Martinica, Mayotte, Reuni\u00f3n y San Mart\u00edn), dos regiones aut\u00f3nomas portuguesas (Azores y Madeira) y una Comunidad Aut\u00f3noma espa\u00f1ola (Canarias).<\/p>\n<p>A pesar del progreso realizado en los \u00faltimos a\u00f1os, estas regiones se enfrentan a importantes desaf\u00edos: la elevada tasa de desempleo, sobre todo entre los j\u00f3venes, la mayor vulnerabilidad frente a las consecuencias del cambio clim\u00e1tico, los obst\u00e1culos al crecimiento debidos a una falta de infraestructuras, y la dependencia de sectores econ\u00f3micos que no han integrado de forma suficiente los procesos innovadores.<\/p>\n<p>Por ello, la Comisi\u00f3n present\u00f3 el a\u00f1o pasado una nueva estrategia para una asociaci\u00f3n m\u00e1s fuerte entre la UE, las regiones y los Estados miembros, a fin de intensificar los esfuerzos y hacer frente a todos estos desaf\u00edos.<\/p>\n<p>Esta estrategia establece un acompa\u00f1amiento personalizado para las regiones perif\u00e9ricas, junto con los Estados miembros, para ayudar a estas regiones a apostar por las ventajas \u00fanicas que presentan, crear oportunidades para sus habitantes y sacar provecho de la mundializaci\u00f3n.<\/p>\n<\/div>\n<h5>M\u00e1s informaci\u00f3n<\/h5>\n<p>2018 \u2013<a href=\"https:\/\/ec.europa.eu\/regional_policy\/fr\/information\/publications\/factsheets\/2018\/la-nouvelle-strategie-de-l-ue-pour-les-regions-ultraperipheriques-un-an-apres\"> La nueva estrategia para las regiones ultraperif\u00e9ricas; un a\u00f1o despu\u00e9s<\/a><\/p>\n<p>2018 \u2013<a href=\"https:\/\/ec.europa.eu\/regional_policy\/fr\/information\/publications\/factsheets\/2018\/le-plan-juncker-a-l-oeuvre-dans-les-regions-ultraperipheriques\"> El Plan Juncker en las regiones ultraperif\u00e9ricas<\/a><\/p>\n<p>2018 \u2013 <a href=\"https:\/\/ec.europa.eu\/regional_policy\/fr\/information\/publications\/factsheets\/2018\/les-regions-ultraperipheriques-un-soutien-perenne-de-l-ue\">La regiones ultraperif\u00e9ricas en la proposici\u00f3n de la Comisi\u00f3n para el pr\u00f3ximo presupuesto de la UE<\/a><\/p>\n<p>2017 \u2013 <a href=\"https:\/\/ec.europa.eu\/regional_policy\/es\/information\/publications\/communications\/2017\/un-partenariat-privilegie-renouvele-et-renforce-avec-les-regions-ultraperipheriques\">La nueva estrategia para las regiones ultraperif\u00e9ricas<\/a><\/p>\n<p>2017 \u2013 <a href=\"http:\/\/europa.eu\/rapid\/press-release_IP-17-3885_es.htm\">Comunicado \u2013 Las regiones ultraperif\u00e9ricas y la UE: una asociaci\u00f3n privilegiada, renovada y reforzada<\/a><\/p>\n<p>2017 \u2013<a href=\"http:\/\/europa.eu\/rapid\/press-release_MEMO-17-3884_es.htm\"> Hoja informativa \u2013 Las regiones ultraperif\u00e9ricas y la UE: una asociaci\u00f3n privilegiada, renovada y reforzada<\/a><\/p>\n<p>2017 \u2013 <a href=\"https:\/\/ec.europa.eu\/regional_policy\/es\/information\/publications\/factsheets\/2017\/les-regions-ultraperipheriques-terres-europeennes-dans-le-monde-un-partenariat-privilegie-renouvele-et-renforce\">Ficha sobre la nueva estrategia para las regiones ultraperif\u00e9ricas<\/a><\/p>\n<p><a href=\"https:\/\/ec.europa.eu\/regional_policy\/fr\/information\/publications\/factsheets\/2017\/les-regions-ultraperipheriques-terres-europeennes-dans-le-monde-azores\">Las Azores<\/a><\/p>\n<p><a href=\"https:\/\/ec.europa.eu\/regional_policy\/fr\/information\/publications\/factsheets\/2017\/les-regions-ultraperipheriques-terres-europeennes-dans-le-monde-iles-canaries\">Islas Canarias<\/a><\/p>\n<p><a href=\"https:\/\/ec.europa.eu\/regional_policy\/fr\/information\/publications\/factsheets\/2017\/les-regions-ultraperipheriques-terres-europeennes-dans-le-monde-guadeloupe\">Guadalupe<\/a><\/p>\n<p><a href=\"https:\/\/ec.europa.eu\/regional_policy\/fr\/information\/publications\/factsheets\/2017\/les-regions-ultraperipheriques-terres-europeennes-dans-le-monde-guyane\">Guayana Francesa<\/a><\/p>\n<p><a href=\"https:\/\/ec.europa.eu\/regional_policy\/fr\/information\/publications\/factsheets\/2017\/les-regions-ultraperipheriques-terres-europeennes-dans-le-monde-madere\">Madeira<\/a><\/p>\n<p><a href=\"https:\/\/ec.europa.eu\/regional_policy\/fr\/information\/publications\/factsheets\/2017\/les-regions-ultraperipheriques-terres-europeennes-dans-le-monde-martinique\">Martinica<\/a><\/p>\n<p><a href=\"https:\/\/ec.europa.eu\/regional_policy\/fr\/information\/publications\/factsheets\/2017\/les-regions-ultraperipheriques-terres-europeennes-dans-le-monde-mayotte\">Mayotte<\/a><\/p>\n<p><a href=\"https:\/\/ec.europa.eu\/regional_policy\/fr\/information\/publications\/factsheets\/2017\/les-regions-ultraperipheriques-terres-europeennes-dans-le-monde-reunion\">La Reuni\u00f3n<\/a><\/p>\n<p><a href=\"https:\/\/ec.europa.eu\/regional_policy\/fr\/information\/publications\/factsheets\/2017\/les-regions-ultraperipheriques-terres-europeennes-dans-le-monde-saint-martin\">San Mart\u00edn<\/a><\/p>\n","protected":false},"excerpt":{"rendered":"<p>La Comisi\u00f3n ha presentado una serie de iniciativas para ayudar a las regiones ultraperif\u00e9ricas a desarrollar plenamente su potencial, un a\u00f1o despu\u00e9s del lanzamiento de la nueva estrategia de la UE para estas regiones. Con motivo de la conferencia anual de las regiones ultraperif\u00e9ricas (las nueve regiones europeas situadas a miles de kil\u00f3metros del continente [&hellip;]<\/p>\n","protected":false},"author":101011,"featured_media":10147,"comment_status":"open","ping_status":"open","sticky":false,"template":"","format":"standard","meta":{"_acf_changed":false,"_relevanssi_hide_post":"","_relevanssi_hide_content":"","_relevanssi_pin_for_all":"","_relevanssi_pin_keywords":"","_relevanssi_unpin_keywords":"","_relevanssi_related_keywords":"","_relevanssi_related_include_ids":"","_relevanssi_related_exclude_ids":"","_relevanssi_related_no_append":"","_relevanssi_related_not_related":"","_relevanssi_related_posts":"","_relevanssi_noindex_reason":"","_monsterinsights_skip_tracking":false,"_monsterinsights_sitenote_active":false,"_monsterinsights_sitenote_note":"","_monsterinsights_sitenote_category":0,"_genesis_hide_title":false,"_genesis_hide_breadcrumbs":false,"_genesis_hide_singular_image":false,"_genesis_hide_footer_widgets":false,"_genesis_custom_body_class":"","_genesis_custom_post_class":"","_genesis_layout":"","footnotes":""},"categories":[96],"tags":[241,135],"class_list":{"0":"post-10142","1":"post","2":"type-post","3":"status-publish","4":"format-standard","5":"has-post-thumbnail","7":"category-noticias-ue","8":"tag-cooperacion-al-desarrollo","9":"tag-union-europea","10":"entry"},"acf":[],"yoast_head":"<!-- This site is optimized with the Yoast SEO plugin v27.4 - https:\/\/yoast.com\/product\/yoast-seo-wordpress\/ -->\n<title>Las regiones ultraperif\u00e9ricas y la Uni\u00f3n Europea: una colaboraci\u00f3n renovada y reforzada | CDE Almer\u00eda - Centro de Documentaci\u00f3n Europea - Universidad de Almer\u00eda<\/title>\n<meta name=\"robots\" content=\"index, follow, max-snippet:-1, max-image-preview:large, max-video-preview:-1\" \/>\n<link rel=\"canonical\" href=\"https:\/\/www.cde.ual.es\/las-regiones-ultraperifericas-y-la-union-europea-una-colaboracion-renovada-y-reforzada\/\" \/>\n<meta property=\"og:locale\" content=\"en_US\" \/>\n<meta property=\"og:type\" content=\"article\" \/>\n<meta property=\"og:title\" content=\"Las regiones ultraperif\u00e9ricas y la Uni\u00f3n Europea: una colaboraci\u00f3n renovada y reforzada | CDE Almer\u00eda - Centro de Documentaci\u00f3n Europea - Universidad de Almer\u00eda\" \/>\n<meta property=\"og:description\" content=\"La Comisi\u00f3n ha presentado una serie de iniciativas para ayudar a las regiones ultraperif\u00e9ricas a desarrollar plenamente su potencial, un a\u00f1o despu\u00e9s del lanzamiento de la nueva estrategia de la UE para estas regiones. Con motivo de la conferencia anual de las regiones ultraperif\u00e9ricas (las nueve regiones europeas situadas a miles de kil\u00f3metros del continente [&hellip;]\" \/>\n<meta property=\"og:url\" content=\"https:\/\/www.cde.ual.es\/las-regiones-ultraperifericas-y-la-union-europea-una-colaboracion-renovada-y-reforzada\/\" \/>\n<meta property=\"og:site_name\" content=\"CDE Almer\u00eda - Centro de Documentaci\u00f3n Europea - Universidad de Almer\u00eda\" \/>\n<meta property=\"article:publisher\" content=\"https:\/\/www.facebook.com\/cdeuniversidadalmeria\/\" \/>\n<meta property=\"article:published_time\" content=\"2018-11-27T07:00:14+00:00\" \/>\n<meta property=\"og:image\" content=\"https:\/\/www.cde.ual.es\/wp-content\/uploads\/2018\/11\/bay-blue-blue-sky-1139040-e1543218843981.jpg\" \/>\n\t<meta property=\"og:image:width\" content=\"600\" \/>\n\t<meta property=\"og:image:height\" content=\"449\" \/>\n\t<meta property=\"og:image:type\" content=\"image\/jpeg\" \/>\n<meta name=\"author\" content=\"BECA 2 CDE\" \/>\n<meta name=\"twitter:card\" content=\"summary_large_image\" \/>\n<meta name=\"twitter:creator\" content=\"@cdeualmeria\" \/>\n<meta name=\"twitter:site\" content=\"@cdeualmeria\" \/>\n<meta name=\"twitter:label1\" content=\"Written by\" \/>\n\t<meta name=\"twitter:data1\" content=\"BECA 2 CDE\" \/>\n\t<meta name=\"twitter:label2\" content=\"Est. reading time\" \/>\n\t<meta name=\"twitter:data2\" content=\"6 minutes\" \/>\n<script type=\"application\/ld+json\" class=\"yoast-schema-graph\">{\"@context\":\"https:\\\/\\\/schema.org\",\"@graph\":[{\"@type\":\"Article\",\"@id\":\"https:\\\/\\\/www.cde.ual.es\\\/las-regiones-ultraperifericas-y-la-union-europea-una-colaboracion-renovada-y-reforzada\\\/#article\",\"isPartOf\":{\"@id\":\"https:\\\/\\\/www.cde.ual.es\\\/las-regiones-ultraperifericas-y-la-union-europea-una-colaboracion-renovada-y-reforzada\\\/\"},\"author\":{\"name\":\"BECA 2 CDE\",\"@id\":\"https:\\\/\\\/www.cde.ual.es\\\/#\\\/schema\\\/person\\\/ee46ebc19edfa19598c02cff83335acc\"},\"headline\":\"Las regiones ultraperif\u00e9ricas y la Uni\u00f3n Europea: una colaboraci\u00f3n renovada y reforzada\",\"datePublished\":\"2018-11-27T07:00:14+00:00\",\"mainEntityOfPage\":{\"@id\":\"https:\\\/\\\/www.cde.ual.es\\\/las-regiones-ultraperifericas-y-la-union-europea-una-colaboracion-renovada-y-reforzada\\\/\"},\"wordCount\":1179,\"commentCount\":0,\"publisher\":{\"@id\":\"https:\\\/\\\/www.cde.ual.es\\\/#organization\"},\"image\":{\"@id\":\"https:\\\/\\\/www.cde.ual.es\\\/las-regiones-ultraperifericas-y-la-union-europea-una-colaboracion-renovada-y-reforzada\\\/#primaryimage\"},\"thumbnailUrl\":\"https:\\\/\\\/www.cde.ual.es\\\/wp-content\\\/uploads\\\/2018\\\/11\\\/bay-blue-blue-sky-1139040-e1543218843981.jpg\",\"keywords\":[\"Cooperaci\u00f3n al Desarrollo\",\"Uni\u00f3n Europea\"],\"articleSection\":[\"Noticias UE\"],\"inLanguage\":\"en-US\",\"potentialAction\":[{\"@type\":\"CommentAction\",\"name\":\"Comment\",\"target\":[\"https:\\\/\\\/www.cde.ual.es\\\/las-regiones-ultraperifericas-y-la-union-europea-una-colaboracion-renovada-y-reforzada\\\/#respond\"]}]},{\"@type\":\"WebPage\",\"@id\":\"https:\\\/\\\/www.cde.ual.es\\\/las-regiones-ultraperifericas-y-la-union-europea-una-colaboracion-renovada-y-reforzada\\\/\",\"url\":\"https:\\\/\\\/www.cde.ual.es\\\/las-regiones-ultraperifericas-y-la-union-europea-una-colaboracion-renovada-y-reforzada\\\/\",\"name\":\"Las regiones ultraperif\u00e9ricas y la Uni\u00f3n Europea: una colaboraci\u00f3n renovada y reforzada | CDE Almer\u00eda - Centro de Documentaci\u00f3n Europea - Universidad de Almer\u00eda\",\"isPartOf\":{\"@id\":\"https:\\\/\\\/www.cde.ual.es\\\/#website\"},\"primaryImageOfPage\":{\"@id\":\"https:\\\/\\\/www.cde.ual.es\\\/las-regiones-ultraperifericas-y-la-union-europea-una-colaboracion-renovada-y-reforzada\\\/#primaryimage\"},\"image\":{\"@id\":\"https:\\\/\\\/www.cde.ual.es\\\/las-regiones-ultraperifericas-y-la-union-europea-una-colaboracion-renovada-y-reforzada\\\/#primaryimage\"},\"thumbnailUrl\":\"https:\\\/\\\/www.cde.ual.es\\\/wp-content\\\/uploads\\\/2018\\\/11\\\/bay-blue-blue-sky-1139040-e1543218843981.jpg\",\"datePublished\":\"2018-11-27T07:00:14+00:00\",\"breadcrumb\":{\"@id\":\"https:\\\/\\\/www.cde.ual.es\\\/las-regiones-ultraperifericas-y-la-union-europea-una-colaboracion-renovada-y-reforzada\\\/#breadcrumb\"},\"inLanguage\":\"en-US\",\"potentialAction\":[{\"@type\":\"ReadAction\",\"target\":[\"https:\\\/\\\/www.cde.ual.es\\\/las-regiones-ultraperifericas-y-la-union-europea-una-colaboracion-renovada-y-reforzada\\\/\"]}]},{\"@type\":\"ImageObject\",\"inLanguage\":\"en-US\",\"@id\":\"https:\\\/\\\/www.cde.ual.es\\\/las-regiones-ultraperifericas-y-la-union-europea-una-colaboracion-renovada-y-reforzada\\\/#primaryimage\",\"url\":\"https:\\\/\\\/www.cde.ual.es\\\/wp-content\\\/uploads\\\/2018\\\/11\\\/bay-blue-blue-sky-1139040-e1543218843981.jpg\",\"contentUrl\":\"https:\\\/\\\/www.cde.ual.es\\\/wp-content\\\/uploads\\\/2018\\\/11\\\/bay-blue-blue-sky-1139040-e1543218843981.jpg\",\"width\":600,\"height\":449},{\"@type\":\"BreadcrumbList\",\"@id\":\"https:\\\/\\\/www.cde.ual.es\\\/las-regiones-ultraperifericas-y-la-union-europea-una-colaboracion-renovada-y-reforzada\\\/#breadcrumb\",\"itemListElement\":[{\"@type\":\"ListItem\",\"position\":1,\"name\":\"Inicio\",\"item\":\"https:\\\/\\\/www.cde.ual.es\\\/en\\\/\"},{\"@type\":\"ListItem\",\"position\":2,\"name\":\"Noticias UE\",\"item\":\"https:\\\/\\\/www.cde.ual.es\\\/category\\\/noticias-ue\\\/\"},{\"@type\":\"ListItem\",\"position\":3,\"name\":\"Las regiones ultraperif\u00e9ricas y la Uni\u00f3n Europea: una colaboraci\u00f3n renovada y reforzada\"}]},{\"@type\":\"WebSite\",\"@id\":\"https:\\\/\\\/www.cde.ual.es\\\/#website\",\"url\":\"https:\\\/\\\/www.cde.ual.es\\\/\",\"name\":\"CDE Almer\u00eda - Centro de Documentaci\u00f3n Europea - Universidad de Almer\u00eda\",\"description\":\"Centro de Documentaci\u00f3n Europea de la Universidad de Almer\u00eda\",\"publisher\":{\"@id\":\"https:\\\/\\\/www.cde.ual.es\\\/#organization\"},\"alternateName\":\"CDE Almer\u00eda\",\"potentialAction\":[{\"@type\":\"SearchAction\",\"target\":{\"@type\":\"EntryPoint\",\"urlTemplate\":\"https:\\\/\\\/www.cde.ual.es\\\/?s={search_term_string}\"},\"query-input\":{\"@type\":\"PropertyValueSpecification\",\"valueRequired\":true,\"valueName\":\"search_term_string\"}}],\"inLanguage\":\"en-US\"},{\"@type\":\"Organization\",\"@id\":\"https:\\\/\\\/www.cde.ual.es\\\/#organization\",\"name\":\"Centro de Documentaci\u00f3n Europea de Almer\u00eda\",\"url\":\"https:\\\/\\\/www.cde.ual.es\\\/\",\"logo\":{\"@type\":\"ImageObject\",\"inLanguage\":\"en-US\",\"@id\":\"https:\\\/\\\/www.cde.ual.es\\\/#\\\/schema\\\/logo\\\/image\\\/\",\"url\":\"https:\\\/\\\/www.cde.ual.es\\\/wp-content\\\/uploads\\\/2025\\\/07\\\/cde-logo-3.png\",\"contentUrl\":\"https:\\\/\\\/www.cde.ual.es\\\/wp-content\\\/uploads\\\/2025\\\/07\\\/cde-logo-3.png\",\"width\":1400,\"height\":300,\"caption\":\"Centro de Documentaci\u00f3n Europea de Almer\u00eda\"},\"image\":{\"@id\":\"https:\\\/\\\/www.cde.ual.es\\\/#\\\/schema\\\/logo\\\/image\\\/\"},\"sameAs\":[\"https:\\\/\\\/www.facebook.com\\\/cdeuniversidadalmeria\\\/\",\"https:\\\/\\\/x.com\\\/cdeualmeria\",\"https:\\\/\\\/www.tiktok.com\\\/@cdealmeria\",\"https:\\\/\\\/www.instagram.com\\\/cdealmeria\\\/\",\"https:\\\/\\\/www.linkedin.com\\\/in\\\/cde-almera-812b26a9\\\/\"]},{\"@type\":\"Person\",\"@id\":\"https:\\\/\\\/www.cde.ual.es\\\/#\\\/schema\\\/person\\\/ee46ebc19edfa19598c02cff83335acc\",\"name\":\"BECA 2 CDE\",\"image\":{\"@type\":\"ImageObject\",\"inLanguage\":\"en-US\",\"@id\":\"https:\\\/\\\/secure.gravatar.com\\\/avatar\\\/35a481bbc04bbd90e91bdfa3b0b5541036c222a49b9ad37b6889a2afcb5311a5?s=96&d=mm&r=g\",\"url\":\"https:\\\/\\\/secure.gravatar.com\\\/avatar\\\/35a481bbc04bbd90e91bdfa3b0b5541036c222a49b9ad37b6889a2afcb5311a5?s=96&d=mm&r=g\",\"contentUrl\":\"https:\\\/\\\/secure.gravatar.com\\\/avatar\\\/35a481bbc04bbd90e91bdfa3b0b5541036c222a49b9ad37b6889a2afcb5311a5?s=96&d=mm&r=g\",\"caption\":\"BECA 2 CDE\"},\"sameAs\":[\"http:\\\/\\\/www.cdealmeria.com\"]}]}<\/script>\n<!-- \/ Yoast SEO plugin. -->","yoast_head_json":{"title":"Las regiones ultraperif\u00e9ricas y la Uni\u00f3n Europea: una colaboraci\u00f3n renovada y reforzada | CDE Almer\u00eda - Centro de Documentaci\u00f3n Europea - Universidad de Almer\u00eda","robots":{"index":"index","follow":"follow","max-snippet":"max-snippet:-1","max-image-preview":"max-image-preview:large","max-video-preview":"max-video-preview:-1"},"canonical":"https:\/\/www.cde.ual.es\/las-regiones-ultraperifericas-y-la-union-europea-una-colaboracion-renovada-y-reforzada\/","og_locale":"en_US","og_type":"article","og_title":"Las regiones ultraperif\u00e9ricas y la Uni\u00f3n Europea: una colaboraci\u00f3n renovada y reforzada | CDE Almer\u00eda - Centro de Documentaci\u00f3n Europea - Universidad de Almer\u00eda","og_description":"La Comisi\u00f3n ha presentado una serie de iniciativas para ayudar a las regiones ultraperif\u00e9ricas a desarrollar plenamente su potencial, un a\u00f1o despu\u00e9s del lanzamiento de la nueva estrategia de la UE para estas regiones. Con motivo de la conferencia anual de las regiones ultraperif\u00e9ricas (las nueve regiones europeas situadas a miles de kil\u00f3metros del continente [&hellip;]","og_url":"https:\/\/www.cde.ual.es\/las-regiones-ultraperifericas-y-la-union-europea-una-colaboracion-renovada-y-reforzada\/","og_site_name":"CDE Almer\u00eda - Centro de Documentaci\u00f3n Europea - Universidad de Almer\u00eda","article_publisher":"https:\/\/www.facebook.com\/cdeuniversidadalmeria\/","article_published_time":"2018-11-27T07:00:14+00:00","og_image":[{"width":600,"height":449,"url":"https:\/\/www.cde.ual.es\/wp-content\/uploads\/2018\/11\/bay-blue-blue-sky-1139040-e1543218843981.jpg","type":"image\/jpeg"}],"author":"BECA 2 CDE","twitter_card":"summary_large_image","twitter_creator":"@cdeualmeria","twitter_site":"@cdeualmeria","twitter_misc":{"Written by":"BECA 2 CDE","Est. reading time":"6 minutes"},"schema":{"@context":"https:\/\/schema.org","@graph":[{"@type":"Article","@id":"https:\/\/www.cde.ual.es\/las-regiones-ultraperifericas-y-la-union-europea-una-colaboracion-renovada-y-reforzada\/#article","isPartOf":{"@id":"https:\/\/www.cde.ual.es\/las-regiones-ultraperifericas-y-la-union-europea-una-colaboracion-renovada-y-reforzada\/"},"author":{"name":"BECA 2 CDE","@id":"https:\/\/www.cde.ual.es\/#\/schema\/person\/ee46ebc19edfa19598c02cff83335acc"},"headline":"Las regiones ultraperif\u00e9ricas y la Uni\u00f3n Europea: una colaboraci\u00f3n renovada y reforzada","datePublished":"2018-11-27T07:00:14+00:00","mainEntityOfPage":{"@id":"https:\/\/www.cde.ual.es\/las-regiones-ultraperifericas-y-la-union-europea-una-colaboracion-renovada-y-reforzada\/"},"wordCount":1179,"commentCount":0,"publisher":{"@id":"https:\/\/www.cde.ual.es\/#organization"},"image":{"@id":"https:\/\/www.cde.ual.es\/las-regiones-ultraperifericas-y-la-union-europea-una-colaboracion-renovada-y-reforzada\/#primaryimage"},"thumbnailUrl":"https:\/\/www.cde.ual.es\/wp-content\/uploads\/2018\/11\/bay-blue-blue-sky-1139040-e1543218843981.jpg","keywords":["Cooperaci\u00f3n al Desarrollo","Uni\u00f3n Europea"],"articleSection":["Noticias UE"],"inLanguage":"en-US","potentialAction":[{"@type":"CommentAction","name":"Comment","target":["https:\/\/www.cde.ual.es\/las-regiones-ultraperifericas-y-la-union-europea-una-colaboracion-renovada-y-reforzada\/#respond"]}]},{"@type":"WebPage","@id":"https:\/\/www.cde.ual.es\/las-regiones-ultraperifericas-y-la-union-europea-una-colaboracion-renovada-y-reforzada\/","url":"https:\/\/www.cde.ual.es\/las-regiones-ultraperifericas-y-la-union-europea-una-colaboracion-renovada-y-reforzada\/","name":"Las regiones ultraperif\u00e9ricas y la Uni\u00f3n Europea: una colaboraci\u00f3n renovada y reforzada | CDE Almer\u00eda - Centro de Documentaci\u00f3n Europea - Universidad de Almer\u00eda","isPartOf":{"@id":"https:\/\/www.cde.ual.es\/#website"},"primaryImageOfPage":{"@id":"https:\/\/www.cde.ual.es\/las-regiones-ultraperifericas-y-la-union-europea-una-colaboracion-renovada-y-reforzada\/#primaryimage"},"image":{"@id":"https:\/\/www.cde.ual.es\/las-regiones-ultraperifericas-y-la-union-europea-una-colaboracion-renovada-y-reforzada\/#primaryimage"},"thumbnailUrl":"https:\/\/www.cde.ual.es\/wp-content\/uploads\/2018\/11\/bay-blue-blue-sky-1139040-e1543218843981.jpg","datePublished":"2018-11-27T07:00:14+00:00","breadcrumb":{"@id":"https:\/\/www.cde.ual.es\/las-regiones-ultraperifericas-y-la-union-europea-una-colaboracion-renovada-y-reforzada\/#breadcrumb"},"inLanguage":"en-US","potentialAction":[{"@type":"ReadAction","target":["https:\/\/www.cde.ual.es\/las-regiones-ultraperifericas-y-la-union-europea-una-colaboracion-renovada-y-reforzada\/"]}]},{"@type":"ImageObject","inLanguage":"en-US","@id":"https:\/\/www.cde.ual.es\/las-regiones-ultraperifericas-y-la-union-europea-una-colaboracion-renovada-y-reforzada\/#primaryimage","url":"https:\/\/www.cde.ual.es\/wp-content\/uploads\/2018\/11\/bay-blue-blue-sky-1139040-e1543218843981.jpg","contentUrl":"https:\/\/www.cde.ual.es\/wp-content\/uploads\/2018\/11\/bay-blue-blue-sky-1139040-e1543218843981.jpg","width":600,"height":449},{"@type":"BreadcrumbList","@id":"https:\/\/www.cde.ual.es\/las-regiones-ultraperifericas-y-la-union-europea-una-colaboracion-renovada-y-reforzada\/#breadcrumb","itemListElement":[{"@type":"ListItem","position":1,"name":"Inicio","item":"https:\/\/www.cde.ual.es\/en\/"},{"@type":"ListItem","position":2,"name":"Noticias UE","item":"https:\/\/www.cde.ual.es\/category\/noticias-ue\/"},{"@type":"ListItem","position":3,"name":"Las regiones ultraperif\u00e9ricas y la Uni\u00f3n Europea: una colaboraci\u00f3n renovada y reforzada"}]},{"@type":"WebSite","@id":"https:\/\/www.cde.ual.es\/#website","url":"https:\/\/www.cde.ual.es\/","name":"CDE Almer\u00eda - Centro de Documentaci\u00f3n Europea - Universidad de Almer\u00eda","description":"Centro de Documentaci\u00f3n Europea de la Universidad de Almer\u00eda","publisher":{"@id":"https:\/\/www.cde.ual.es\/#organization"},"alternateName":"CDE Almer\u00eda","potentialAction":[{"@type":"SearchAction","target":{"@type":"EntryPoint","urlTemplate":"https:\/\/www.cde.ual.es\/?s={search_term_string}"},"query-input":{"@type":"PropertyValueSpecification","valueRequired":true,"valueName":"search_term_string"}}],"inLanguage":"en-US"},{"@type":"Organization","@id":"https:\/\/www.cde.ual.es\/#organization","name":"Centro de Documentaci\u00f3n Europea de Almer\u00eda","url":"https:\/\/www.cde.ual.es\/","logo":{"@type":"ImageObject","inLanguage":"en-US","@id":"https:\/\/www.cde.ual.es\/#\/schema\/logo\/image\/","url":"https:\/\/www.cde.ual.es\/wp-content\/uploads\/2025\/07\/cde-logo-3.png","contentUrl":"https:\/\/www.cde.ual.es\/wp-content\/uploads\/2025\/07\/cde-logo-3.png","width":1400,"height":300,"caption":"Centro de Documentaci\u00f3n Europea de Almer\u00eda"},"image":{"@id":"https:\/\/www.cde.ual.es\/#\/schema\/logo\/image\/"},"sameAs":["https:\/\/www.facebook.com\/cdeuniversidadalmeria\/","https:\/\/x.com\/cdeualmeria","https:\/\/www.tiktok.com\/@cdealmeria","https:\/\/www.instagram.com\/cdealmeria\/","https:\/\/www.linkedin.com\/in\/cde-almera-812b26a9\/"]},{"@type":"Person","@id":"https:\/\/www.cde.ual.es\/#\/schema\/person\/ee46ebc19edfa19598c02cff83335acc","name":"BECA 2 CDE","image":{"@type":"ImageObject","inLanguage":"en-US","@id":"https:\/\/secure.gravatar.com\/avatar\/35a481bbc04bbd90e91bdfa3b0b5541036c222a49b9ad37b6889a2afcb5311a5?s=96&d=mm&r=g","url":"https:\/\/secure.gravatar.com\/avatar\/35a481bbc04bbd90e91bdfa3b0b5541036c222a49b9ad37b6889a2afcb5311a5?s=96&d=mm&r=g","contentUrl":"https:\/\/secure.gravatar.com\/avatar\/35a481bbc04bbd90e91bdfa3b0b5541036c222a49b9ad37b6889a2afcb5311a5?s=96&d=mm&r=g","caption":"BECA 2 CDE"},"sameAs":["http:\/\/www.cdealmeria.com"]}]}},"_links":{"self":[{"href":"https:\/\/www.cde.ual.es\/en\/wp-json\/wp\/v2\/posts\/10142","targetHints":{"allow":["GET"]}}],"collection":[{"href":"https:\/\/www.cde.ual.es\/en\/wp-json\/wp\/v2\/posts"}],"about":[{"href":"https:\/\/www.cde.ual.es\/en\/wp-json\/wp\/v2\/types\/post"}],"author":[{"embeddable":true,"href":"https:\/\/www.cde.ual.es\/en\/wp-json\/wp\/v2\/users\/101011"}],"replies":[{"embeddable":true,"href":"https:\/\/www.cde.ual.es\/en\/wp-json\/wp\/v2\/comments?post=10142"}],"version-history":[{"count":0,"href":"https:\/\/www.cde.ual.es\/en\/wp-json\/wp\/v2\/posts\/10142\/revisions"}],"wp:featuredmedia":[{"embeddable":true,"href":"https:\/\/www.cde.ual.es\/en\/wp-json\/wp\/v2\/media\/10147"}],"wp:attachment":[{"href":"https:\/\/www.cde.ual.es\/en\/wp-json\/wp\/v2\/media?parent=10142"}],"wp:term":[{"taxonomy":"category","embeddable":true,"href":"https:\/\/www.cde.ual.es\/en\/wp-json\/wp\/v2\/categories?post=10142"},{"taxonomy":"post_tag","embeddable":true,"href":"https:\/\/www.cde.ual.es\/en\/wp-json\/wp\/v2\/tags?post=10142"}],"curies":[{"name":"wp","href":"https:\/\/api.w.org\/{rel}","templated":true}]}}