{"id":10141,"date":"2018-11-26T08:46:36","date_gmt":"2018-11-26T07:46:36","guid":{"rendered":"http:\/\/www.cde.ual.es\/?p=10141"},"modified":"2018-11-26T08:46:36","modified_gmt":"2018-11-26T07:46:36","slug":"ofertas-de-empleo-en-europa-2","status":"publish","type":"post","link":"https:\/\/www.cde.ual.es\/en\/ofertas-de-empleo-en-europa-2\/","title":{"rendered":"Ofertas de empleo en Europa"},"content":{"rendered":"<p><a href=\"http:\/\/www.cde.ual.es\/wp-content\/uploads\/2018\/11\/Eures-job.png\"><img decoding=\"async\" class=\"size-medium wp-image-10143 aligncenter\" src=\"http:\/\/www.cde.ual.es\/wp-content\/uploads\/2018\/11\/Eures-job-300x199.png\" alt=\"\" width=\"300\" height=\"199\" srcset=\"https:\/\/www.cde.ual.es\/wp-content\/uploads\/2018\/11\/Eures-job-300x199.png 300w, https:\/\/www.cde.ual.es\/wp-content\/uploads\/2018\/11\/Eures-job-768x510.png 768w, https:\/\/www.cde.ual.es\/wp-content\/uploads\/2018\/11\/Eures-job.png 785w\" sizes=\"(max-width: 300px) 100vw, 300px\" \/><\/a><\/p>\n<p>Dado el \u00e9xito del \u00faltimo evento de reclutamiento la Agencia brit\u00e1nica <a href=\"http:\/\/www.uteachrecruitment.com\/\">UTEACH<\/a>, con la que colabora <a href=\"https:\/\/ec.europa.eu\/eures\/public\/es\/homepage\">Eures Espa\u00f1a<\/a>, se ha organizado un\u00a0<b>proceso virtual de<\/b>\u00a0<b>ENTREVISTAS\u00a0<\/b><b>ONLINE<\/b><b>\u00a0el 28 y 29 de noviembre<\/b>\u00a0pr\u00f3ximos.<\/p>\n<h3><b>Docentes en Reino Unido<\/b><\/h3>\n<p>Las personas candidatas tendr\u00e1n la oportunidad de ser entrevistados v\u00eda Skype directamente con Directores de los diferentes centros. Se ofrecen vacantes de Magisterio de Primaria y Profesorado de Secundaria, 41 vacantes, de las siguientes especialidades: Matem\u00e1ticas 18, Inform\u00e1tica 5, Ciencias 10, Qu\u00edmica 3, F\u00edsica 4 y 1 plaza de profesorado de idiomas (espa\u00f1ol y franc\u00e9s).<\/p>\n<p align=\"justify\">El p<u>lazo para solicitar finaliza el\u00a0<\/u><u><b>28<\/b><\/u><u><b>\u00a0de\u00a0<\/b><\/u><u><b>noviembre<\/b><\/u><u><b>.<\/b><\/u><br \/>\nRequisitos: nivel C1 de ingl\u00e9s y t\u00edtulo de Grado en Educaci\u00f3n Primaria para magisterio, y B2 alto de ingl\u00e9s y M\u00e1ster de profesorado o pr\u00f3ximo a terminar para el profesorado de secundaria.<\/p>\n<p align=\"justify\"><span style=\"color: #000000;\"><u>M\u00e1s informaci\u00f3n y como participar:<\/u><\/span><\/p>\n<p align=\"justify\"><a href=\"https:\/\/www.sepe.es\/contenidos\/personas\/encontrar_empleo\/encontrar_empleo_europa\/paises\/reino_unido\/pdf_reino_unido\/oferUK20nov_Online_Interview_Day_Uteach.pdf\"><u>Online Interview Day<\/u><\/a><\/p>\n<h3 align=\"justify\">Camioneros para Baviera (Alemania)<\/h3>\n<p align=\"justify\">En colaboraci\u00f3n con el Servicio de Empleo Alem\u00e1n (ZAV).\u00a0Nos piden la m\u00e1xima difusi\u00f3n ya que apenas hay candidaturas. Hay que saber\u00a0<u>ingl\u00e9s<\/u>\u00a0pero\u00a0<u><b><\/b><\/u><u><b>NO SE EXIGEN CONOCIMIENTOS DE ALEMAN\u00a0<\/b><\/u><u><b>NI EXPERIENCIA<\/b><\/u><b>.\u00a0<\/b>Se\u00a0necesita carnet de conducir C o CE y tarjeta de conductor.\u00a0Se ofrece salario a partir de 2.150 \u20ac brutos, y asistencia en la b\u00fasqueda de alojamiento.<\/p>\n<p align=\"justify\">\u00a0<u>Plazo de solicitud:\u00a0<\/u><u><b>hasta el 3 de\u00a0<\/b><\/u><u><b>diciembre<\/b><\/u><\/p>\n<p align=\"justify\"><span style=\"color: #000000;\"><u>M\u00e1s informaci\u00f3n y como participar:<\/u><\/span><\/p>\n<p align=\"justify\"><a href=\"https:\/\/www.sepe.es\/contenidos\/personas\/encontrar_empleo\/encontrar_empleo_europa\/paises\/alemania\/pdf_alemania\/OferAle16Nov_Camioneros_Espanol_primero.pdf\"><u>Caminoneros\u00a0<\/u><\/a><\/p>\n<h3 align=\"justify\">Animacion y Coreograf\u00eda (Baleares y Andaluc\u00eda)<\/h3>\n<p>Para la pr\u00f3xima temporada tur\u00edstica (inicio en 2019). Se exige ingl\u00e9s y otro idioma (alem\u00e1n, franc\u00e9s, holand\u00e9s, sueco o dan\u00e9s). Las personas preseleccionadas realizar\u00e1n las pruebas de selecci\u00f3n en Granada y Sevilla.<\/p>\n<p><u>Plazo de solicitud:\u00a0<\/u><u><b>hasta el\u00a0<\/b><\/u><u><b>25 de enero de 2019<\/b><\/u><u><b>.<\/b><\/u><u><br \/>\n<\/u><span style=\"color: #000000;\"><u><br \/>\nM\u00e1s informaci\u00f3n sobre las vacantes y la forma de participar:<br \/>\n<\/u><\/span><a href=\"https:\/\/juntadeandalucia.es\/organismos\/empleoempresaycomercio\/servicios\/anuncios\/detalle\/158505.html\"><u>Animaci\u00f3n<\/u><\/a><\/p>\n<h3>Psicolog\u00eda\/Tabajo Social en Dubl\u00edn (Irlanda)<\/h3>\n<p>Para trabajar con personas en riesgo de exclusi\u00f3n\u00a0(homeless).<b>\u00a0<\/b><b>ENTREVISTAS EN MADRID EL 12 Y 13 DE DICIEMBRE.\u00a0<\/b>Requisitos entre otros: aparte de la titulaci\u00f3n, nivel de ingl\u00e9s B2 y 6 meses de experiencia. Se ofrece, entre otras ventajas: contrato indefinido, salario entre desde 26000 \u20ac anuales, vuelo gratuito a Dubl\u00edn y 2 semanas de alojamiento gratuito. Inicio en febrero de 2019.<\/p>\n<p><u><b>Plazo de solicitud:\u00a0<\/b><\/u><u><b>antes del\u00a0<\/b><\/u><u><b><\/b><\/u><u><b>1<\/b><\/u><u><b>2<\/b><\/u><u><b>\u00a0de\u00a0<\/b><\/u><u><b>diciembre<\/b><\/u><u><b>.<\/b><\/u><u><br \/>\n<\/u><span style=\"color: #000000;\"><u>M\u00e1s informaci\u00f3n sobre las vacantes y la forma de participar\u00a0<\/u><\/span><span style=\"color: #000000;\"><u>en archivo adjunto.<\/u><\/span><\/p>\n<h3>Profesores visitantes en EEUU, Canada y Reino Unido<\/h3>\n<p><span style=\"font-family: Times New Roman, serif;\"><span style=\"font-size: medium;\"><u><span style=\"color: #000000;\"><b>hasta el\u00a0<\/b><\/span><\/u><u><span style=\"color: #000000;\"><b>pr\u00f3ximo\u00a0<\/b><\/span><\/u><u><span style=\"color: #000000;\"><b>10 de diciembre de 2018<\/b><\/span><\/u><span style=\"color: #000000;\">. <\/span><\/span><\/span><\/p>\n<p><a href=\"http:\/\/www.educacionyfp.gob.es\/servicios-al-ciudadano-mecd\/catalogo\/educacion\/profesorado\/convocatorias-para-el-extranjero\/profesores-visitantes-eeuu-canada.html\">Profesores visitantes<\/a><\/p>\n<p>La red Eures tiene un programa de ayudas financieras a la movilidad laboral en Europa (para acudir a entrevistas, incorporaci\u00f3n a puestos de trabajo, reconocimiento de cualificaciones, cursos de idiomas, etc). Para m\u00e1s informaci\u00f3n se puede consultar la web del SEPE\u00a0<a class=\"m_-209939939757915139moz-txt-link-freetext\" href=\"https:\/\/www.sepe.es\/contenidos\/personas\/encontrar_empleo\/empleo_europa.html\" target=\"_blank\" rel=\"noopener\" data-saferedirecturl=\"https:\/\/www.google.com\/url?q=https:\/\/www.sepe.es\/contenidos\/personas\/encontrar_empleo\/empleo_europa.html&amp;source=gmail&amp;ust=1543302645457000&amp;usg=AFQjCNFNJP6epB8cr_YiNqrYx6pehWNRYg\">https:\/\/www.sepe.es\/<wbr \/>contenidos\/personas\/encontrar_<wbr \/>empleo\/empleo_europa.html<\/a><span style=\"color: #000099;\"><u>\u00a0<\/u><\/span>\u00a0 o contactar directamente por tel\u00e9fono o email con el t\u00e9cnico de su provincia (contacto en Almer\u00eda, email:\u00a0<a class=\"m_-209939939757915139moz-txt-link-abbreviated\" href=\"mailto:eures.almeria.sae@juntadeandalucia.es\" target=\"_blank\" rel=\"noopener\">eures.almeria.sae@<wbr \/>juntadeandalucia.es<\/a>, Tlfno: 950011432).<\/p>\n","protected":false},"excerpt":{"rendered":"<p>Dado el \u00e9xito del \u00faltimo evento de reclutamiento la Agencia brit\u00e1nica UTEACH, con la que colabora Eures Espa\u00f1a, se ha organizado un\u00a0proceso virtual de\u00a0ENTREVISTAS\u00a0ONLINE\u00a0el 28 y 29 de noviembre\u00a0pr\u00f3ximos. Docentes en Reino Unido Las personas candidatas tendr\u00e1n la oportunidad de ser entrevistados v\u00eda Skype directamente con Directores de los diferentes centros. Se ofrecen vacantes de [&hellip;]<\/p>\n","protected":false},"author":1,"featured_media":10143,"comment_status":"open","ping_status":"open","sticky":false,"template":"","format":"standard","meta":{"_acf_changed":false,"_relevanssi_hide_post":"","_relevanssi_hide_content":"","_relevanssi_pin_for_all":"","_relevanssi_pin_keywords":"","_relevanssi_unpin_keywords":"","_relevanssi_related_keywords":"","_relevanssi_related_include_ids":"","_relevanssi_related_exclude_ids":"","_relevanssi_related_no_append":"","_relevanssi_related_not_related":"","_relevanssi_related_posts":"","_relevanssi_noindex_reason":"","_monsterinsights_skip_tracking":false,"_monsterinsights_sitenote_active":false,"_monsterinsights_sitenote_note":"","_monsterinsights_sitenote_category":0,"_genesis_hide_title":false,"_genesis_hide_breadcrumbs":false,"_genesis_hide_singular_image":false,"_genesis_hide_footer_widgets":false,"_genesis_custom_body_class":"","_genesis_custom_post_class":"","_genesis_layout":"","footnotes":""},"categories":[96],"tags":[126,172],"class_list":{"0":"post-10141","1":"post","2":"type-post","3":"status-publish","4":"format-standard","5":"has-post-thumbnail","7":"category-noticias-ue","8":"tag-competitividad-empresa","9":"tag-trabajo-y-empleo","10":"entry"},"acf":[],"yoast_head":"<!-- This site is optimized with the Yoast SEO plugin v27.5 - https:\/\/yoast.com\/product\/yoast-seo-wordpress\/ -->\n<title>Ofertas de empleo en Europa | CDE Almer\u00eda - Centro de Documentaci\u00f3n Europea - Universidad de Almer\u00eda<\/title>\n<meta name=\"robots\" content=\"index, follow, max-snippet:-1, max-image-preview:large, max-video-preview:-1\" \/>\n<link rel=\"canonical\" href=\"https:\/\/www.cde.ual.es\/ofertas-de-empleo-en-europa-2\/\" \/>\n<meta property=\"og:locale\" content=\"en_US\" \/>\n<meta property=\"og:type\" content=\"article\" \/>\n<meta property=\"og:title\" content=\"Ofertas de empleo en Europa | CDE Almer\u00eda - Centro de Documentaci\u00f3n Europea - Universidad de Almer\u00eda\" \/>\n<meta property=\"og:description\" content=\"Dado el \u00e9xito del \u00faltimo evento de reclutamiento la Agencia brit\u00e1nica UTEACH, con la que colabora Eures Espa\u00f1a, se ha organizado un\u00a0proceso virtual de\u00a0ENTREVISTAS\u00a0ONLINE\u00a0el 28 y 29 de noviembre\u00a0pr\u00f3ximos. Docentes en Reino Unido Las personas candidatas tendr\u00e1n la oportunidad de ser entrevistados v\u00eda Skype directamente con Directores de los diferentes centros. Se ofrecen vacantes de [&hellip;]\" \/>\n<meta property=\"og:url\" content=\"https:\/\/www.cde.ual.es\/ofertas-de-empleo-en-europa-2\/\" \/>\n<meta property=\"og:site_name\" content=\"CDE Almer\u00eda - Centro de Documentaci\u00f3n Europea - Universidad de Almer\u00eda\" \/>\n<meta property=\"article:publisher\" content=\"https:\/\/www.facebook.com\/cdeuniversidadalmeria\/\" \/>\n<meta property=\"article:published_time\" content=\"2018-11-26T07:46:36+00:00\" \/>\n<meta property=\"og:image\" content=\"https:\/\/www.cde.ual.es\/wp-content\/uploads\/2018\/11\/Eures-job.png\" \/>\n\t<meta property=\"og:image:width\" content=\"785\" \/>\n\t<meta property=\"og:image:height\" content=\"521\" \/>\n\t<meta property=\"og:image:type\" content=\"image\/png\" \/>\n<meta name=\"author\" content=\"AdminCDE\" \/>\n<meta name=\"twitter:card\" content=\"summary_large_image\" \/>\n<meta name=\"twitter:creator\" content=\"@cdeualmeria\" \/>\n<meta name=\"twitter:site\" content=\"@cdeualmeria\" \/>\n<meta name=\"twitter:label1\" content=\"Written by\" \/>\n\t<meta name=\"twitter:data1\" content=\"AdminCDE\" \/>\n\t<meta name=\"twitter:label2\" content=\"Est. reading time\" \/>\n\t<meta name=\"twitter:data2\" content=\"2 minutes\" \/>\n<script type=\"application\/ld+json\" class=\"yoast-schema-graph\">{\"@context\":\"https:\\\/\\\/schema.org\",\"@graph\":[{\"@type\":\"Article\",\"@id\":\"https:\\\/\\\/www.cde.ual.es\\\/ofertas-de-empleo-en-europa-2\\\/#article\",\"isPartOf\":{\"@id\":\"https:\\\/\\\/www.cde.ual.es\\\/ofertas-de-empleo-en-europa-2\\\/\"},\"author\":{\"name\":\"AdminCDE\",\"@id\":\"https:\\\/\\\/www.cde.ual.es\\\/#\\\/schema\\\/person\\\/224ef08c8bcc005f319d2713ce37ee5f\"},\"headline\":\"Ofertas de empleo en Europa\",\"datePublished\":\"2018-11-26T07:46:36+00:00\",\"mainEntityOfPage\":{\"@id\":\"https:\\\/\\\/www.cde.ual.es\\\/ofertas-de-empleo-en-europa-2\\\/\"},\"wordCount\":496,\"commentCount\":0,\"publisher\":{\"@id\":\"https:\\\/\\\/www.cde.ual.es\\\/#organization\"},\"image\":{\"@id\":\"https:\\\/\\\/www.cde.ual.es\\\/ofertas-de-empleo-en-europa-2\\\/#primaryimage\"},\"thumbnailUrl\":\"https:\\\/\\\/www.cde.ual.es\\\/wp-content\\\/uploads\\\/2018\\\/11\\\/Eures-job.png\",\"keywords\":[\"Mercado en la Uni\u00f3n Europea\",\"Trabajo y empleo\"],\"articleSection\":[\"Noticias UE\"],\"inLanguage\":\"en-US\",\"potentialAction\":[{\"@type\":\"CommentAction\",\"name\":\"Comment\",\"target\":[\"https:\\\/\\\/www.cde.ual.es\\\/ofertas-de-empleo-en-europa-2\\\/#respond\"]}]},{\"@type\":\"WebPage\",\"@id\":\"https:\\\/\\\/www.cde.ual.es\\\/ofertas-de-empleo-en-europa-2\\\/\",\"url\":\"https:\\\/\\\/www.cde.ual.es\\\/ofertas-de-empleo-en-europa-2\\\/\",\"name\":\"Ofertas de empleo en Europa | CDE Almer\u00eda - Centro de Documentaci\u00f3n Europea - Universidad de Almer\u00eda\",\"isPartOf\":{\"@id\":\"https:\\\/\\\/www.cde.ual.es\\\/#website\"},\"primaryImageOfPage\":{\"@id\":\"https:\\\/\\\/www.cde.ual.es\\\/ofertas-de-empleo-en-europa-2\\\/#primaryimage\"},\"image\":{\"@id\":\"https:\\\/\\\/www.cde.ual.es\\\/ofertas-de-empleo-en-europa-2\\\/#primaryimage\"},\"thumbnailUrl\":\"https:\\\/\\\/www.cde.ual.es\\\/wp-content\\\/uploads\\\/2018\\\/11\\\/Eures-job.png\",\"datePublished\":\"2018-11-26T07:46:36+00:00\",\"breadcrumb\":{\"@id\":\"https:\\\/\\\/www.cde.ual.es\\\/ofertas-de-empleo-en-europa-2\\\/#breadcrumb\"},\"inLanguage\":\"en-US\",\"potentialAction\":[{\"@type\":\"ReadAction\",\"target\":[\"https:\\\/\\\/www.cde.ual.es\\\/ofertas-de-empleo-en-europa-2\\\/\"]}]},{\"@type\":\"ImageObject\",\"inLanguage\":\"en-US\",\"@id\":\"https:\\\/\\\/www.cde.ual.es\\\/ofertas-de-empleo-en-europa-2\\\/#primaryimage\",\"url\":\"https:\\\/\\\/www.cde.ual.es\\\/wp-content\\\/uploads\\\/2018\\\/11\\\/Eures-job.png\",\"contentUrl\":\"https:\\\/\\\/www.cde.ual.es\\\/wp-content\\\/uploads\\\/2018\\\/11\\\/Eures-job.png\",\"width\":785,\"height\":521},{\"@type\":\"BreadcrumbList\",\"@id\":\"https:\\\/\\\/www.cde.ual.es\\\/ofertas-de-empleo-en-europa-2\\\/#breadcrumb\",\"itemListElement\":[{\"@type\":\"ListItem\",\"position\":1,\"name\":\"Inicio\",\"item\":\"https:\\\/\\\/www.cde.ual.es\\\/en\\\/\"},{\"@type\":\"ListItem\",\"position\":2,\"name\":\"Noticias UE\",\"item\":\"https:\\\/\\\/www.cde.ual.es\\\/category\\\/noticias-ue\\\/\"},{\"@type\":\"ListItem\",\"position\":3,\"name\":\"Ofertas de empleo en Europa\"}]},{\"@type\":\"WebSite\",\"@id\":\"https:\\\/\\\/www.cde.ual.es\\\/#website\",\"url\":\"https:\\\/\\\/www.cde.ual.es\\\/\",\"name\":\"CDE Almer\u00eda - Centro de Documentaci\u00f3n Europea - Universidad de Almer\u00eda\",\"description\":\"Centro de Documentaci\u00f3n Europea de la Universidad de Almer\u00eda\",\"publisher\":{\"@id\":\"https:\\\/\\\/www.cde.ual.es\\\/#organization\"},\"alternateName\":\"CDE Almer\u00eda\",\"potentialAction\":[{\"@type\":\"SearchAction\",\"target\":{\"@type\":\"EntryPoint\",\"urlTemplate\":\"https:\\\/\\\/www.cde.ual.es\\\/?s={search_term_string}\"},\"query-input\":{\"@type\":\"PropertyValueSpecification\",\"valueRequired\":true,\"valueName\":\"search_term_string\"}}],\"inLanguage\":\"en-US\"},{\"@type\":\"Organization\",\"@id\":\"https:\\\/\\\/www.cde.ual.es\\\/#organization\",\"name\":\"Centro de Documentaci\u00f3n Europea de Almer\u00eda\",\"url\":\"https:\\\/\\\/www.cde.ual.es\\\/\",\"logo\":{\"@type\":\"ImageObject\",\"inLanguage\":\"en-US\",\"@id\":\"https:\\\/\\\/www.cde.ual.es\\\/#\\\/schema\\\/logo\\\/image\\\/\",\"url\":\"https:\\\/\\\/www.cde.ual.es\\\/wp-content\\\/uploads\\\/2025\\\/07\\\/cde-logo-3.png\",\"contentUrl\":\"https:\\\/\\\/www.cde.ual.es\\\/wp-content\\\/uploads\\\/2025\\\/07\\\/cde-logo-3.png\",\"width\":1400,\"height\":300,\"caption\":\"Centro de Documentaci\u00f3n Europea de Almer\u00eda\"},\"image\":{\"@id\":\"https:\\\/\\\/www.cde.ual.es\\\/#\\\/schema\\\/logo\\\/image\\\/\"},\"sameAs\":[\"https:\\\/\\\/www.facebook.com\\\/cdeuniversidadalmeria\\\/\",\"https:\\\/\\\/x.com\\\/cdeualmeria\",\"https:\\\/\\\/www.tiktok.com\\\/@cdealmeria\",\"https:\\\/\\\/www.instagram.com\\\/cdealmeria\\\/\",\"https:\\\/\\\/www.linkedin.com\\\/in\\\/cde-almera-812b26a9\\\/\"]},{\"@type\":\"Person\",\"@id\":\"https:\\\/\\\/www.cde.ual.es\\\/#\\\/schema\\\/person\\\/224ef08c8bcc005f319d2713ce37ee5f\",\"name\":\"AdminCDE\",\"image\":{\"@type\":\"ImageObject\",\"inLanguage\":\"en-US\",\"@id\":\"https:\\\/\\\/secure.gravatar.com\\\/avatar\\\/a72d038d371f995cd13706fac32274b7952a52e8fb0a84b5f80c85426f2a98a8?s=96&d=mm&r=g\",\"url\":\"https:\\\/\\\/secure.gravatar.com\\\/avatar\\\/a72d038d371f995cd13706fac32274b7952a52e8fb0a84b5f80c85426f2a98a8?s=96&d=mm&r=g\",\"contentUrl\":\"https:\\\/\\\/secure.gravatar.com\\\/avatar\\\/a72d038d371f995cd13706fac32274b7952a52e8fb0a84b5f80c85426f2a98a8?s=96&d=mm&r=g\",\"caption\":\"AdminCDE\"}}]}<\/script>\n<!-- \/ Yoast SEO plugin. -->","yoast_head_json":{"title":"Ofertas de empleo en Europa | CDE Almer\u00eda - Centro de Documentaci\u00f3n Europea - Universidad de Almer\u00eda","robots":{"index":"index","follow":"follow","max-snippet":"max-snippet:-1","max-image-preview":"max-image-preview:large","max-video-preview":"max-video-preview:-1"},"canonical":"https:\/\/www.cde.ual.es\/ofertas-de-empleo-en-europa-2\/","og_locale":"en_US","og_type":"article","og_title":"Ofertas de empleo en Europa | CDE Almer\u00eda - Centro de Documentaci\u00f3n Europea - Universidad de Almer\u00eda","og_description":"Dado el \u00e9xito del \u00faltimo evento de reclutamiento la Agencia brit\u00e1nica UTEACH, con la que colabora Eures Espa\u00f1a, se ha organizado un\u00a0proceso virtual de\u00a0ENTREVISTAS\u00a0ONLINE\u00a0el 28 y 29 de noviembre\u00a0pr\u00f3ximos. Docentes en Reino Unido Las personas candidatas tendr\u00e1n la oportunidad de ser entrevistados v\u00eda Skype directamente con Directores de los diferentes centros. Se ofrecen vacantes de [&hellip;]","og_url":"https:\/\/www.cde.ual.es\/ofertas-de-empleo-en-europa-2\/","og_site_name":"CDE Almer\u00eda - Centro de Documentaci\u00f3n Europea - Universidad de Almer\u00eda","article_publisher":"https:\/\/www.facebook.com\/cdeuniversidadalmeria\/","article_published_time":"2018-11-26T07:46:36+00:00","og_image":[{"width":785,"height":521,"url":"https:\/\/www.cde.ual.es\/wp-content\/uploads\/2018\/11\/Eures-job.png","type":"image\/png"}],"author":"AdminCDE","twitter_card":"summary_large_image","twitter_creator":"@cdeualmeria","twitter_site":"@cdeualmeria","twitter_misc":{"Written by":"AdminCDE","Est. reading time":"2 minutes"},"schema":{"@context":"https:\/\/schema.org","@graph":[{"@type":"Article","@id":"https:\/\/www.cde.ual.es\/ofertas-de-empleo-en-europa-2\/#article","isPartOf":{"@id":"https:\/\/www.cde.ual.es\/ofertas-de-empleo-en-europa-2\/"},"author":{"name":"AdminCDE","@id":"https:\/\/www.cde.ual.es\/#\/schema\/person\/224ef08c8bcc005f319d2713ce37ee5f"},"headline":"Ofertas de empleo en Europa","datePublished":"2018-11-26T07:46:36+00:00","mainEntityOfPage":{"@id":"https:\/\/www.cde.ual.es\/ofertas-de-empleo-en-europa-2\/"},"wordCount":496,"commentCount":0,"publisher":{"@id":"https:\/\/www.cde.ual.es\/#organization"},"image":{"@id":"https:\/\/www.cde.ual.es\/ofertas-de-empleo-en-europa-2\/#primaryimage"},"thumbnailUrl":"https:\/\/www.cde.ual.es\/wp-content\/uploads\/2018\/11\/Eures-job.png","keywords":["Mercado en la Uni\u00f3n Europea","Trabajo y empleo"],"articleSection":["Noticias UE"],"inLanguage":"en-US","potentialAction":[{"@type":"CommentAction","name":"Comment","target":["https:\/\/www.cde.ual.es\/ofertas-de-empleo-en-europa-2\/#respond"]}]},{"@type":"WebPage","@id":"https:\/\/www.cde.ual.es\/ofertas-de-empleo-en-europa-2\/","url":"https:\/\/www.cde.ual.es\/ofertas-de-empleo-en-europa-2\/","name":"Ofertas de empleo en Europa | CDE Almer\u00eda - Centro de Documentaci\u00f3n Europea - Universidad de Almer\u00eda","isPartOf":{"@id":"https:\/\/www.cde.ual.es\/#website"},"primaryImageOfPage":{"@id":"https:\/\/www.cde.ual.es\/ofertas-de-empleo-en-europa-2\/#primaryimage"},"image":{"@id":"https:\/\/www.cde.ual.es\/ofertas-de-empleo-en-europa-2\/#primaryimage"},"thumbnailUrl":"https:\/\/www.cde.ual.es\/wp-content\/uploads\/2018\/11\/Eures-job.png","datePublished":"2018-11-26T07:46:36+00:00","breadcrumb":{"@id":"https:\/\/www.cde.ual.es\/ofertas-de-empleo-en-europa-2\/#breadcrumb"},"inLanguage":"en-US","potentialAction":[{"@type":"ReadAction","target":["https:\/\/www.cde.ual.es\/ofertas-de-empleo-en-europa-2\/"]}]},{"@type":"ImageObject","inLanguage":"en-US","@id":"https:\/\/www.cde.ual.es\/ofertas-de-empleo-en-europa-2\/#primaryimage","url":"https:\/\/www.cde.ual.es\/wp-content\/uploads\/2018\/11\/Eures-job.png","contentUrl":"https:\/\/www.cde.ual.es\/wp-content\/uploads\/2018\/11\/Eures-job.png","width":785,"height":521},{"@type":"BreadcrumbList","@id":"https:\/\/www.cde.ual.es\/ofertas-de-empleo-en-europa-2\/#breadcrumb","itemListElement":[{"@type":"ListItem","position":1,"name":"Inicio","item":"https:\/\/www.cde.ual.es\/en\/"},{"@type":"ListItem","position":2,"name":"Noticias UE","item":"https:\/\/www.cde.ual.es\/category\/noticias-ue\/"},{"@type":"ListItem","position":3,"name":"Ofertas de empleo en Europa"}]},{"@type":"WebSite","@id":"https:\/\/www.cde.ual.es\/#website","url":"https:\/\/www.cde.ual.es\/","name":"CDE Almer\u00eda - Centro de Documentaci\u00f3n Europea - Universidad de Almer\u00eda","description":"Centro de Documentaci\u00f3n Europea de la Universidad de Almer\u00eda","publisher":{"@id":"https:\/\/www.cde.ual.es\/#organization"},"alternateName":"CDE Almer\u00eda","potentialAction":[{"@type":"SearchAction","target":{"@type":"EntryPoint","urlTemplate":"https:\/\/www.cde.ual.es\/?s={search_term_string}"},"query-input":{"@type":"PropertyValueSpecification","valueRequired":true,"valueName":"search_term_string"}}],"inLanguage":"en-US"},{"@type":"Organization","@id":"https:\/\/www.cde.ual.es\/#organization","name":"Centro de Documentaci\u00f3n Europea de Almer\u00eda","url":"https:\/\/www.cde.ual.es\/","logo":{"@type":"ImageObject","inLanguage":"en-US","@id":"https:\/\/www.cde.ual.es\/#\/schema\/logo\/image\/","url":"https:\/\/www.cde.ual.es\/wp-content\/uploads\/2025\/07\/cde-logo-3.png","contentUrl":"https:\/\/www.cde.ual.es\/wp-content\/uploads\/2025\/07\/cde-logo-3.png","width":1400,"height":300,"caption":"Centro de Documentaci\u00f3n Europea de Almer\u00eda"},"image":{"@id":"https:\/\/www.cde.ual.es\/#\/schema\/logo\/image\/"},"sameAs":["https:\/\/www.facebook.com\/cdeuniversidadalmeria\/","https:\/\/x.com\/cdeualmeria","https:\/\/www.tiktok.com\/@cdealmeria","https:\/\/www.instagram.com\/cdealmeria\/","https:\/\/www.linkedin.com\/in\/cde-almera-812b26a9\/"]},{"@type":"Person","@id":"https:\/\/www.cde.ual.es\/#\/schema\/person\/224ef08c8bcc005f319d2713ce37ee5f","name":"AdminCDE","image":{"@type":"ImageObject","inLanguage":"en-US","@id":"https:\/\/secure.gravatar.com\/avatar\/a72d038d371f995cd13706fac32274b7952a52e8fb0a84b5f80c85426f2a98a8?s=96&d=mm&r=g","url":"https:\/\/secure.gravatar.com\/avatar\/a72d038d371f995cd13706fac32274b7952a52e8fb0a84b5f80c85426f2a98a8?s=96&d=mm&r=g","contentUrl":"https:\/\/secure.gravatar.com\/avatar\/a72d038d371f995cd13706fac32274b7952a52e8fb0a84b5f80c85426f2a98a8?s=96&d=mm&r=g","caption":"AdminCDE"}}]}},"_links":{"self":[{"href":"https:\/\/www.cde.ual.es\/en\/wp-json\/wp\/v2\/posts\/10141","targetHints":{"allow":["GET"]}}],"collection":[{"href":"https:\/\/www.cde.ual.es\/en\/wp-json\/wp\/v2\/posts"}],"about":[{"href":"https:\/\/www.cde.ual.es\/en\/wp-json\/wp\/v2\/types\/post"}],"author":[{"embeddable":true,"href":"https:\/\/www.cde.ual.es\/en\/wp-json\/wp\/v2\/users\/1"}],"replies":[{"embeddable":true,"href":"https:\/\/www.cde.ual.es\/en\/wp-json\/wp\/v2\/comments?post=10141"}],"version-history":[{"count":0,"href":"https:\/\/www.cde.ual.es\/en\/wp-json\/wp\/v2\/posts\/10141\/revisions"}],"wp:featuredmedia":[{"embeddable":true,"href":"https:\/\/www.cde.ual.es\/en\/wp-json\/wp\/v2\/media\/10143"}],"wp:attachment":[{"href":"https:\/\/www.cde.ual.es\/en\/wp-json\/wp\/v2\/media?parent=10141"}],"wp:term":[{"taxonomy":"category","embeddable":true,"href":"https:\/\/www.cde.ual.es\/en\/wp-json\/wp\/v2\/categories?post=10141"},{"taxonomy":"post_tag","embeddable":true,"href":"https:\/\/www.cde.ual.es\/en\/wp-json\/wp\/v2\/tags?post=10141"}],"curies":[{"name":"wp","href":"https:\/\/api.w.org\/{rel}","templated":true}]}}