{"id":101002,"date":"2022-03-29T09:18:02","date_gmt":"2022-03-29T07:18:02","guid":{"rendered":"https:\/\/www.cde.ual.es\/?p=101002"},"modified":"2022-03-29T13:18:10","modified_gmt":"2022-03-29T11:18:10","slug":"home-affairs-council-10-point-plan-on-stronger-european-coordination-on-welcoming-people-fleeing-the-war-against-ukraine","status":"publish","type":"post","link":"https:\/\/www.cde.ual.es\/en\/home-affairs-council-10-point-plan-on-stronger-european-coordination-on-welcoming-people-fleeing-the-war-against-ukraine\/","title":{"rendered":"Home Affairs Council: 10-Point Plan on stronger European coordination on welcoming people fleeing the war against Ukraine"},"content":{"rendered":"<p>In its conclusions of 24-25 March, the European Council called on Member States to intensify their efforts in a continued spirit of unity and solidarity, and it invited the Commission to take the necessary initiatives to facilitate such efforts. At the extraordinary Justice and Home Affairs Council of 28 March, Vice-President for Promoting our European Way of Life, Margaritis\u00a0<strong>Schinas<\/strong>\u00a0and Commissioner for Home Affairs, Ylva\u00a0<strong>Johansson<\/strong>, in coordination with the French Presidency of the Council represented by Minister G\u00e9rald\u00a0<strong>Darmanin<\/strong>, presented a 10-Point Plan for stronger European coordination on welcoming people fleeing the war against Ukraine.<\/p>\n<p><a href=\"https:\/\/www.cde.ual.es\/wp-content\/uploads\/2022\/03\/image1170x530cropped-6.jpg\"><img decoding=\"async\" class=\" wp-image-99060 aligncenter\" src=\"https:\/\/www.cde.ual.es\/wp-content\/uploads\/2022\/03\/image1170x530cropped-6.jpg\" alt=\"\" width=\"530\" height=\"240\" srcset=\"https:\/\/www.cde.ual.es\/wp-content\/uploads\/2022\/03\/image1170x530cropped-6.jpg 1170w, https:\/\/www.cde.ual.es\/wp-content\/uploads\/2022\/03\/image1170x530cropped-6-300x136.jpg 300w, https:\/\/www.cde.ual.es\/wp-content\/uploads\/2022\/03\/image1170x530cropped-6-1024x464.jpg 1024w, https:\/\/www.cde.ual.es\/wp-content\/uploads\/2022\/03\/image1170x530cropped-6-768x348.jpg 768w\" sizes=\"(max-width: 530px) 100vw, 530px\" \/><\/a><\/p>\n<h4><strong>The 10-Point Plan<\/strong><\/h4>\n<ol>\n<li>Create an\u00a0<strong>EU platform for registration<\/strong>\u00a0to exchange information on beneficiaries of temporary protection and national protection statuses, supported by EU-LISA, the EU&#8217;s Agency for the Operational Management of Large-Scale IT Systems in the Area of Freedom, Security and Justice.<\/li>\n<li>An EU level\u00a0<strong>coordinated approach for transport and information hubs,<\/strong>\u00a0supported by the European Union Agency for Asylum.<\/li>\n<li>Mapping<strong>\u00a0reception capacity and accommodation<\/strong>\u00a0to match the offers of those Member States that can provide help to those that need support, and help organise transfers from Member States under most pressure, supported by the Commission&#8217;s \u2018Safe Homes&#8217; initiative. The European Union Agency for Asylum will provide targeted support to Member States on the basis of operational plans and coordinate the EU network of reception agencies and authorities.<\/li>\n<li>Developing n<strong>ational contingency plans\u00a0<\/strong>to address medium to long-term needs. The Commission will support Member States and it will develop a common European contingency and response plan. The Commission will develop a common EU index to which Member States, European Agencies and International Organisation should feed into.<\/li>\n<li>The Commission together with the European Union Agency for Asylum will develop standard operating procedures and\u00a0<strong>uniform guidance for the reception and support of children<\/strong>, and the Commission to develop specific procedures for the transfer of unaccompanied minors.<\/li>\n<li>A\u00a0<strong>common anti-trafficking plan<\/strong>\u00a0to prevent trafficking and exploitation. Under the lead of the EU Anti-Trafficking Coordinator, an anti-trafficking plan will be developed to address the risks of trafficking and support potential victims. The plan will be based on the EU Strategy on Combatting Strategy in Human Beings (2021-2025).<\/li>\n<li>Reinforced\u00a0<strong>solidarity with Moldova<\/strong>\u00a0through increased transfers and the rapid deployment of Frontex teams to Moldova. The transfers, in cooperation with the UNHCR and IOM and supported by EU funding are an immediate priority.<\/li>\n<li><strong>A reinforced framework for international cooperation on safe destinations.<\/strong>\u00a0The Solidarity Platform, in cooperation with the relevant Agencies and other relevant partners, will coordinate<br \/>\ncontacts with Canada, US, the UK and other international partners.*<\/li>\n<li><strong>Address internal security implications of the war in Ukraine<\/strong>. The European Multidisciplinary Platform Against Criminal Threats (EMPACT) network and Europol will support Member States to ensure maximal vigilance against organised crime and trafficking groups and ensure the enforcement of EU sanctions against Russian and Belarussian individuals. Member States are encouraged to cooperate through the bilateral deployments of police officers in the framework of Prum and the Commission will support such efforts.<\/li>\n<li><strong>Adequate resources and funding.<\/strong>\u00a0To provide comprehensive guidance and individualised support to EU Member States a one-stop shop to bring together all relevant Commission experts has been established.\u00a0<strong>To support the efforts of the Member States the European Commission has proposed to facilitate the flexible use of funding.<\/strong><\/li>\n<\/ol>\n<p>The full version of the 10 point plan can be found\u00a0<a href=\"https:\/\/ec.europa.eu\/home-affairs\/10-point-plan-stronger-european-coordination-welcoming-people-fleeing-war-ukraine_en\">here<\/a>.<\/p>\n<p>&nbsp;<\/p>\n<table style=\"width: 99.9988%; border-collapse: collapse; border-style: double; border-color: #001f7d;\" cellpadding=\"0,5\">\n<tbody>\n<tr>\n<td style=\"width: 100%;\"><a href=\"https:\/\/www.cde.ual.es\/en\/war-in-ukraine-meps-unlock-emergency-funds-for-refugees\/\" target=\"_blank\" rel=\"noopener\"><img decoding=\"async\" class=\"alignleft\" src=\"https:\/\/www.cde.ual.es\/wp-content\/uploads\/2022\/03\/image1170x530cropped-1-620x380.jpg\" alt=\"\" width=\"201\" height=\"134\" \/><\/a><\/p>\n<h4 class=\"entry-title\"><a href=\"https:\/\/www.cde.ual.es\/en\/war-in-ukraine-meps-unlock-emergency-funds-for-refugees\/\" target=\"_blank\" rel=\"noopener\">War in Ukraine: MEPs unlock emergency funds for refugees<\/a><\/h4>\n<p>&nbsp;<\/td>\n<\/tr>\n<\/tbody>\n<\/table>\n<h4><strong>Background<\/strong><\/h4>\n<p>On 24-25 March, the European Council called upon the Commission to take the necessary steps to support Member States in intensifying their efforts to welcome refugees from Ukraine, in a continued spirit of unity and solidarity.<\/p>\n<p>Following the previous two meetings of the Council dedicated to the situation in Ukraine, which led to an unprecedented humanitarian response and to the activation of the Temporary protection Directive, Home Affairs Ministers decided today to reinforce the coordination and solidarity efforts in order to welcome refugees in the best conditions.<\/p>\n<p>Strong coordination and prioritisation at the European level, in support of Member States, is key for an effective response. The EU Solidarity Platform, set up by the European Commission, will act as the operational lynchpin for such coordination, including coordinating with relevant Ukrainian authorities and counterparts. The Council, through COREPER and the Integrated Political Crisis Response (IPCR), will continue to ensure a general steering of crisis management.<\/p>\n<h4><strong>For More Information<\/strong><\/h4>\n<p><a href=\"https:\/\/ec.europa.eu\/home-affairs\/10-point-plan-stronger-european-coordination-welcoming-people-fleeing-war-ukraine_en\">10-Point Plan<\/a>\u00a0for stronger European coordination on welcoming people fleeing the war from Ukraine<\/p>\n<p><a href=\"https:\/\/ec.europa.eu\/info\/strategy\/priorities-2019-2024\/stronger-europe-world\/eu-solidarity-ukraine_en\">Website<\/a>\u202f- EU solidarity with Ukraine<\/p>\n<p><a href=\"https:\/\/ec.europa.eu\/info\/strategy\/priorities-2019-2024\/stronger-europe-world\/eu-solidarity-ukraine\/eu-assistance-ukraine\/information-people-fleeing-war-ukraine_en\">Website\u202f<\/a>&#8211; Information for people fleeing the war in Ukraine<\/p>\n<p><a href=\"https:\/\/ec.europa.eu\/commission\/presscorner\/detail\/en\/ip_22_1946\">Press release<\/a>\u00a0&#8211; Ukraine: EU support to help Member States meet the needs of refugees, 23 March 2022<\/p>\n<p><strong><a href=\"https:\/\/ec.europa.eu\/commission\/presscorner\/detail\/es\/ip_22_2152\">European Commission &#8211; Press release<\/a><\/strong><\/p>\n","protected":false},"excerpt":{"rendered":"<p>In its conclusions of 24-25 March, the European Council called on Member States to intensify their efforts in a continued spirit of unity and solidarity, and it invited the Commission to take the necessary initiatives to facilitate such efforts. At the extraordinary Justice and Home Affairs Council of 28 March, Vice-President for Promoting our European [&hellip;]<\/p>\n","protected":false},"author":101011,"featured_media":99060,"comment_status":"open","ping_status":"open","sticky":false,"template":"","format":"standard","meta":{"_acf_changed":false,"_relevanssi_hide_post":"","_relevanssi_hide_content":"","_relevanssi_pin_for_all":"","_relevanssi_pin_keywords":"","_relevanssi_unpin_keywords":"","_relevanssi_related_keywords":"","_relevanssi_related_include_ids":"","_relevanssi_related_exclude_ids":"","_relevanssi_related_no_append":"","_relevanssi_related_not_related":"","_relevanssi_related_posts":"","_relevanssi_noindex_reason":"","_monsterinsights_skip_tracking":false,"_monsterinsights_sitenote_active":false,"_monsterinsights_sitenote_note":"","_monsterinsights_sitenote_category":0,"_genesis_hide_title":false,"_genesis_hide_breadcrumbs":false,"_genesis_hide_singular_image":false,"_genesis_hide_footer_widgets":false,"_genesis_custom_body_class":"","_genesis_custom_post_class":"","_genesis_layout":"","footnotes":""},"categories":[346,4068,4067],"tags":[],"class_list":{"0":"post-101002","1":"post","2":"type-post","3":"status-publish","4":"format-standard","5":"has-post-thumbnail","7":"category-eu-news","8":"category-migr-dem","9":"category-social-affairs","10":"entry"},"acf":[],"yoast_head":"<!-- This site is optimized with the Yoast SEO plugin v27.4 - https:\/\/yoast.com\/product\/yoast-seo-wordpress\/ -->\n<title>Home Affairs Council: 10-Point Plan on stronger European coordination on welcoming people fleeing the war against Ukraine | CDE Almer\u00eda - Centro de Documentaci\u00f3n Europea - Universidad de Almer\u00eda<\/title>\n<meta name=\"robots\" content=\"index, follow, max-snippet:-1, max-image-preview:large, max-video-preview:-1\" \/>\n<link rel=\"canonical\" href=\"https:\/\/www.cde.ual.es\/en\/home-affairs-council-10-point-plan-on-stronger-european-coordination-on-welcoming-people-fleeing-the-war-against-ukraine\/\" \/>\n<meta property=\"og:locale\" content=\"en_US\" \/>\n<meta property=\"og:type\" content=\"article\" \/>\n<meta property=\"og:title\" content=\"Home Affairs Council: 10-Point Plan on stronger European coordination on welcoming people fleeing the war against Ukraine | CDE Almer\u00eda - Centro de Documentaci\u00f3n Europea - Universidad de Almer\u00eda\" \/>\n<meta property=\"og:description\" content=\"In its conclusions of 24-25 March, the European Council called on Member States to intensify their efforts in a continued spirit of unity and solidarity, and it invited the Commission to take the necessary initiatives to facilitate such efforts. At the extraordinary Justice and Home Affairs Council of 28 March, Vice-President for Promoting our European [&hellip;]\" \/>\n<meta property=\"og:url\" content=\"https:\/\/www.cde.ual.es\/en\/home-affairs-council-10-point-plan-on-stronger-european-coordination-on-welcoming-people-fleeing-the-war-against-ukraine\/\" \/>\n<meta property=\"og:site_name\" content=\"CDE Almer\u00eda - Centro de Documentaci\u00f3n Europea - Universidad de Almer\u00eda\" \/>\n<meta property=\"article:publisher\" content=\"https:\/\/www.facebook.com\/cdeuniversidadalmeria\/\" \/>\n<meta property=\"article:published_time\" content=\"2022-03-29T07:18:02+00:00\" \/>\n<meta property=\"article:modified_time\" content=\"2022-03-29T11:18:10+00:00\" \/>\n<meta property=\"og:image\" content=\"https:\/\/www.cde.ual.es\/wp-content\/uploads\/2022\/03\/image1170x530cropped-6.jpg\" \/>\n\t<meta property=\"og:image:width\" content=\"1170\" \/>\n\t<meta property=\"og:image:height\" content=\"530\" \/>\n\t<meta property=\"og:image:type\" content=\"image\/jpeg\" \/>\n<meta name=\"author\" content=\"BECA 2 CDE\" \/>\n<meta name=\"twitter:card\" content=\"summary_large_image\" \/>\n<meta name=\"twitter:creator\" content=\"@cdeualmeria\" \/>\n<meta name=\"twitter:site\" content=\"@cdeualmeria\" \/>\n<meta name=\"twitter:label1\" content=\"Written by\" \/>\n\t<meta name=\"twitter:data1\" content=\"BECA 2 CDE\" \/>\n\t<meta name=\"twitter:label2\" content=\"Est. reading time\" \/>\n\t<meta name=\"twitter:data2\" content=\"4 minutes\" \/>\n<script type=\"application\/ld+json\" class=\"yoast-schema-graph\">{\"@context\":\"https:\\\/\\\/schema.org\",\"@graph\":[{\"@type\":\"Article\",\"@id\":\"https:\\\/\\\/www.cde.ual.es\\\/en\\\/home-affairs-council-10-point-plan-on-stronger-european-coordination-on-welcoming-people-fleeing-the-war-against-ukraine\\\/#article\",\"isPartOf\":{\"@id\":\"https:\\\/\\\/www.cde.ual.es\\\/en\\\/home-affairs-council-10-point-plan-on-stronger-european-coordination-on-welcoming-people-fleeing-the-war-against-ukraine\\\/\"},\"author\":{\"name\":\"BECA 2 CDE\",\"@id\":\"https:\\\/\\\/www.cde.ual.es\\\/#\\\/schema\\\/person\\\/ee46ebc19edfa19598c02cff83335acc\"},\"headline\":\"Home Affairs Council: 10-Point Plan on stronger European coordination on welcoming people fleeing the war against Ukraine\",\"datePublished\":\"2022-03-29T07:18:02+00:00\",\"dateModified\":\"2022-03-29T11:18:10+00:00\",\"mainEntityOfPage\":{\"@id\":\"https:\\\/\\\/www.cde.ual.es\\\/en\\\/home-affairs-council-10-point-plan-on-stronger-european-coordination-on-welcoming-people-fleeing-the-war-against-ukraine\\\/\"},\"wordCount\":797,\"commentCount\":0,\"publisher\":{\"@id\":\"https:\\\/\\\/www.cde.ual.es\\\/#organization\"},\"image\":{\"@id\":\"https:\\\/\\\/www.cde.ual.es\\\/en\\\/home-affairs-council-10-point-plan-on-stronger-european-coordination-on-welcoming-people-fleeing-the-war-against-ukraine\\\/#primaryimage\"},\"thumbnailUrl\":\"https:\\\/\\\/www.cde.ual.es\\\/wp-content\\\/uploads\\\/2022\\\/03\\\/image1170x530cropped-6.jpg\",\"articleSection\":[\"EU News\",\"Migration and Demography\",\"Social Affairs\"],\"inLanguage\":\"en-US\",\"potentialAction\":[{\"@type\":\"CommentAction\",\"name\":\"Comment\",\"target\":[\"https:\\\/\\\/www.cde.ual.es\\\/en\\\/home-affairs-council-10-point-plan-on-stronger-european-coordination-on-welcoming-people-fleeing-the-war-against-ukraine\\\/#respond\"]}]},{\"@type\":\"WebPage\",\"@id\":\"https:\\\/\\\/www.cde.ual.es\\\/en\\\/home-affairs-council-10-point-plan-on-stronger-european-coordination-on-welcoming-people-fleeing-the-war-against-ukraine\\\/\",\"url\":\"https:\\\/\\\/www.cde.ual.es\\\/en\\\/home-affairs-council-10-point-plan-on-stronger-european-coordination-on-welcoming-people-fleeing-the-war-against-ukraine\\\/\",\"name\":\"Home Affairs Council: 10-Point Plan on stronger European coordination on welcoming people fleeing the war against Ukraine | CDE Almer\u00eda - Centro de Documentaci\u00f3n Europea - Universidad de Almer\u00eda\",\"isPartOf\":{\"@id\":\"https:\\\/\\\/www.cde.ual.es\\\/#website\"},\"primaryImageOfPage\":{\"@id\":\"https:\\\/\\\/www.cde.ual.es\\\/en\\\/home-affairs-council-10-point-plan-on-stronger-european-coordination-on-welcoming-people-fleeing-the-war-against-ukraine\\\/#primaryimage\"},\"image\":{\"@id\":\"https:\\\/\\\/www.cde.ual.es\\\/en\\\/home-affairs-council-10-point-plan-on-stronger-european-coordination-on-welcoming-people-fleeing-the-war-against-ukraine\\\/#primaryimage\"},\"thumbnailUrl\":\"https:\\\/\\\/www.cde.ual.es\\\/wp-content\\\/uploads\\\/2022\\\/03\\\/image1170x530cropped-6.jpg\",\"datePublished\":\"2022-03-29T07:18:02+00:00\",\"dateModified\":\"2022-03-29T11:18:10+00:00\",\"breadcrumb\":{\"@id\":\"https:\\\/\\\/www.cde.ual.es\\\/en\\\/home-affairs-council-10-point-plan-on-stronger-european-coordination-on-welcoming-people-fleeing-the-war-against-ukraine\\\/#breadcrumb\"},\"inLanguage\":\"en-US\",\"potentialAction\":[{\"@type\":\"ReadAction\",\"target\":[\"https:\\\/\\\/www.cde.ual.es\\\/en\\\/home-affairs-council-10-point-plan-on-stronger-european-coordination-on-welcoming-people-fleeing-the-war-against-ukraine\\\/\"]}]},{\"@type\":\"ImageObject\",\"inLanguage\":\"en-US\",\"@id\":\"https:\\\/\\\/www.cde.ual.es\\\/en\\\/home-affairs-council-10-point-plan-on-stronger-european-coordination-on-welcoming-people-fleeing-the-war-against-ukraine\\\/#primaryimage\",\"url\":\"https:\\\/\\\/www.cde.ual.es\\\/wp-content\\\/uploads\\\/2022\\\/03\\\/image1170x530cropped-6.jpg\",\"contentUrl\":\"https:\\\/\\\/www.cde.ual.es\\\/wp-content\\\/uploads\\\/2022\\\/03\\\/image1170x530cropped-6.jpg\",\"width\":1170,\"height\":530},{\"@type\":\"BreadcrumbList\",\"@id\":\"https:\\\/\\\/www.cde.ual.es\\\/en\\\/home-affairs-council-10-point-plan-on-stronger-european-coordination-on-welcoming-people-fleeing-the-war-against-ukraine\\\/#breadcrumb\",\"itemListElement\":[{\"@type\":\"ListItem\",\"position\":1,\"name\":\"Inicio\",\"item\":\"https:\\\/\\\/www.cde.ual.es\\\/en\\\/\"},{\"@type\":\"ListItem\",\"position\":2,\"name\":\"EU News\",\"item\":\"https:\\\/\\\/www.cde.ual.es\\\/en\\\/category\\\/eu-news\\\/\"},{\"@type\":\"ListItem\",\"position\":3,\"name\":\"Social Affairs\",\"item\":\"https:\\\/\\\/www.cde.ual.es\\\/en\\\/category\\\/eu-news\\\/social-affairs\\\/\"},{\"@type\":\"ListItem\",\"position\":4,\"name\":\"Migration and Demography\",\"item\":\"https:\\\/\\\/www.cde.ual.es\\\/en\\\/category\\\/eu-news\\\/social-affairs\\\/migr-dem\\\/\"},{\"@type\":\"ListItem\",\"position\":5,\"name\":\"Home Affairs Council: 10-Point Plan on stronger European coordination on welcoming people fleeing the war against Ukraine\"}]},{\"@type\":\"WebSite\",\"@id\":\"https:\\\/\\\/www.cde.ual.es\\\/#website\",\"url\":\"https:\\\/\\\/www.cde.ual.es\\\/\",\"name\":\"CDE Almer\u00eda - Centro de Documentaci\u00f3n Europea - Universidad de Almer\u00eda\",\"description\":\"Centro de Documentaci\u00f3n Europea de la Universidad de Almer\u00eda\",\"publisher\":{\"@id\":\"https:\\\/\\\/www.cde.ual.es\\\/#organization\"},\"alternateName\":\"CDE Almer\u00eda\",\"potentialAction\":[{\"@type\":\"SearchAction\",\"target\":{\"@type\":\"EntryPoint\",\"urlTemplate\":\"https:\\\/\\\/www.cde.ual.es\\\/?s={search_term_string}\"},\"query-input\":{\"@type\":\"PropertyValueSpecification\",\"valueRequired\":true,\"valueName\":\"search_term_string\"}}],\"inLanguage\":\"en-US\"},{\"@type\":\"Organization\",\"@id\":\"https:\\\/\\\/www.cde.ual.es\\\/#organization\",\"name\":\"Centro de Documentaci\u00f3n Europea de Almer\u00eda\",\"url\":\"https:\\\/\\\/www.cde.ual.es\\\/\",\"logo\":{\"@type\":\"ImageObject\",\"inLanguage\":\"en-US\",\"@id\":\"https:\\\/\\\/www.cde.ual.es\\\/#\\\/schema\\\/logo\\\/image\\\/\",\"url\":\"https:\\\/\\\/www.cde.ual.es\\\/wp-content\\\/uploads\\\/2025\\\/07\\\/cde-logo-3.png\",\"contentUrl\":\"https:\\\/\\\/www.cde.ual.es\\\/wp-content\\\/uploads\\\/2025\\\/07\\\/cde-logo-3.png\",\"width\":1400,\"height\":300,\"caption\":\"Centro de Documentaci\u00f3n Europea de Almer\u00eda\"},\"image\":{\"@id\":\"https:\\\/\\\/www.cde.ual.es\\\/#\\\/schema\\\/logo\\\/image\\\/\"},\"sameAs\":[\"https:\\\/\\\/www.facebook.com\\\/cdeuniversidadalmeria\\\/\",\"https:\\\/\\\/x.com\\\/cdeualmeria\",\"https:\\\/\\\/www.tiktok.com\\\/@cdealmeria\",\"https:\\\/\\\/www.instagram.com\\\/cdealmeria\\\/\",\"https:\\\/\\\/www.linkedin.com\\\/in\\\/cde-almera-812b26a9\\\/\"]},{\"@type\":\"Person\",\"@id\":\"https:\\\/\\\/www.cde.ual.es\\\/#\\\/schema\\\/person\\\/ee46ebc19edfa19598c02cff83335acc\",\"name\":\"BECA 2 CDE\",\"image\":{\"@type\":\"ImageObject\",\"inLanguage\":\"en-US\",\"@id\":\"https:\\\/\\\/secure.gravatar.com\\\/avatar\\\/35a481bbc04bbd90e91bdfa3b0b5541036c222a49b9ad37b6889a2afcb5311a5?s=96&d=mm&r=g\",\"url\":\"https:\\\/\\\/secure.gravatar.com\\\/avatar\\\/35a481bbc04bbd90e91bdfa3b0b5541036c222a49b9ad37b6889a2afcb5311a5?s=96&d=mm&r=g\",\"contentUrl\":\"https:\\\/\\\/secure.gravatar.com\\\/avatar\\\/35a481bbc04bbd90e91bdfa3b0b5541036c222a49b9ad37b6889a2afcb5311a5?s=96&d=mm&r=g\",\"caption\":\"BECA 2 CDE\"},\"sameAs\":[\"http:\\\/\\\/www.cdealmeria.com\"]}]}<\/script>\n<!-- \/ Yoast SEO plugin. -->","yoast_head_json":{"title":"Home Affairs Council: 10-Point Plan on stronger European coordination on welcoming people fleeing the war against Ukraine | CDE Almer\u00eda - Centro de Documentaci\u00f3n Europea - Universidad de Almer\u00eda","robots":{"index":"index","follow":"follow","max-snippet":"max-snippet:-1","max-image-preview":"max-image-preview:large","max-video-preview":"max-video-preview:-1"},"canonical":"https:\/\/www.cde.ual.es\/en\/home-affairs-council-10-point-plan-on-stronger-european-coordination-on-welcoming-people-fleeing-the-war-against-ukraine\/","og_locale":"en_US","og_type":"article","og_title":"Home Affairs Council: 10-Point Plan on stronger European coordination on welcoming people fleeing the war against Ukraine | CDE Almer\u00eda - Centro de Documentaci\u00f3n Europea - Universidad de Almer\u00eda","og_description":"In its conclusions of 24-25 March, the European Council called on Member States to intensify their efforts in a continued spirit of unity and solidarity, and it invited the Commission to take the necessary initiatives to facilitate such efforts. At the extraordinary Justice and Home Affairs Council of 28 March, Vice-President for Promoting our European [&hellip;]","og_url":"https:\/\/www.cde.ual.es\/en\/home-affairs-council-10-point-plan-on-stronger-european-coordination-on-welcoming-people-fleeing-the-war-against-ukraine\/","og_site_name":"CDE Almer\u00eda - Centro de Documentaci\u00f3n Europea - Universidad de Almer\u00eda","article_publisher":"https:\/\/www.facebook.com\/cdeuniversidadalmeria\/","article_published_time":"2022-03-29T07:18:02+00:00","article_modified_time":"2022-03-29T11:18:10+00:00","og_image":[{"width":1170,"height":530,"url":"https:\/\/www.cde.ual.es\/wp-content\/uploads\/2022\/03\/image1170x530cropped-6.jpg","type":"image\/jpeg"}],"author":"BECA 2 CDE","twitter_card":"summary_large_image","twitter_creator":"@cdeualmeria","twitter_site":"@cdeualmeria","twitter_misc":{"Written by":"BECA 2 CDE","Est. reading time":"4 minutes"},"schema":{"@context":"https:\/\/schema.org","@graph":[{"@type":"Article","@id":"https:\/\/www.cde.ual.es\/en\/home-affairs-council-10-point-plan-on-stronger-european-coordination-on-welcoming-people-fleeing-the-war-against-ukraine\/#article","isPartOf":{"@id":"https:\/\/www.cde.ual.es\/en\/home-affairs-council-10-point-plan-on-stronger-european-coordination-on-welcoming-people-fleeing-the-war-against-ukraine\/"},"author":{"name":"BECA 2 CDE","@id":"https:\/\/www.cde.ual.es\/#\/schema\/person\/ee46ebc19edfa19598c02cff83335acc"},"headline":"Home Affairs Council: 10-Point Plan on stronger European coordination on welcoming people fleeing the war against Ukraine","datePublished":"2022-03-29T07:18:02+00:00","dateModified":"2022-03-29T11:18:10+00:00","mainEntityOfPage":{"@id":"https:\/\/www.cde.ual.es\/en\/home-affairs-council-10-point-plan-on-stronger-european-coordination-on-welcoming-people-fleeing-the-war-against-ukraine\/"},"wordCount":797,"commentCount":0,"publisher":{"@id":"https:\/\/www.cde.ual.es\/#organization"},"image":{"@id":"https:\/\/www.cde.ual.es\/en\/home-affairs-council-10-point-plan-on-stronger-european-coordination-on-welcoming-people-fleeing-the-war-against-ukraine\/#primaryimage"},"thumbnailUrl":"https:\/\/www.cde.ual.es\/wp-content\/uploads\/2022\/03\/image1170x530cropped-6.jpg","articleSection":["EU News","Migration and Demography","Social Affairs"],"inLanguage":"en-US","potentialAction":[{"@type":"CommentAction","name":"Comment","target":["https:\/\/www.cde.ual.es\/en\/home-affairs-council-10-point-plan-on-stronger-european-coordination-on-welcoming-people-fleeing-the-war-against-ukraine\/#respond"]}]},{"@type":"WebPage","@id":"https:\/\/www.cde.ual.es\/en\/home-affairs-council-10-point-plan-on-stronger-european-coordination-on-welcoming-people-fleeing-the-war-against-ukraine\/","url":"https:\/\/www.cde.ual.es\/en\/home-affairs-council-10-point-plan-on-stronger-european-coordination-on-welcoming-people-fleeing-the-war-against-ukraine\/","name":"Home Affairs Council: 10-Point Plan on stronger European coordination on welcoming people fleeing the war against Ukraine | CDE Almer\u00eda - Centro de Documentaci\u00f3n Europea - Universidad de Almer\u00eda","isPartOf":{"@id":"https:\/\/www.cde.ual.es\/#website"},"primaryImageOfPage":{"@id":"https:\/\/www.cde.ual.es\/en\/home-affairs-council-10-point-plan-on-stronger-european-coordination-on-welcoming-people-fleeing-the-war-against-ukraine\/#primaryimage"},"image":{"@id":"https:\/\/www.cde.ual.es\/en\/home-affairs-council-10-point-plan-on-stronger-european-coordination-on-welcoming-people-fleeing-the-war-against-ukraine\/#primaryimage"},"thumbnailUrl":"https:\/\/www.cde.ual.es\/wp-content\/uploads\/2022\/03\/image1170x530cropped-6.jpg","datePublished":"2022-03-29T07:18:02+00:00","dateModified":"2022-03-29T11:18:10+00:00","breadcrumb":{"@id":"https:\/\/www.cde.ual.es\/en\/home-affairs-council-10-point-plan-on-stronger-european-coordination-on-welcoming-people-fleeing-the-war-against-ukraine\/#breadcrumb"},"inLanguage":"en-US","potentialAction":[{"@type":"ReadAction","target":["https:\/\/www.cde.ual.es\/en\/home-affairs-council-10-point-plan-on-stronger-european-coordination-on-welcoming-people-fleeing-the-war-against-ukraine\/"]}]},{"@type":"ImageObject","inLanguage":"en-US","@id":"https:\/\/www.cde.ual.es\/en\/home-affairs-council-10-point-plan-on-stronger-european-coordination-on-welcoming-people-fleeing-the-war-against-ukraine\/#primaryimage","url":"https:\/\/www.cde.ual.es\/wp-content\/uploads\/2022\/03\/image1170x530cropped-6.jpg","contentUrl":"https:\/\/www.cde.ual.es\/wp-content\/uploads\/2022\/03\/image1170x530cropped-6.jpg","width":1170,"height":530},{"@type":"BreadcrumbList","@id":"https:\/\/www.cde.ual.es\/en\/home-affairs-council-10-point-plan-on-stronger-european-coordination-on-welcoming-people-fleeing-the-war-against-ukraine\/#breadcrumb","itemListElement":[{"@type":"ListItem","position":1,"name":"Inicio","item":"https:\/\/www.cde.ual.es\/en\/"},{"@type":"ListItem","position":2,"name":"EU News","item":"https:\/\/www.cde.ual.es\/en\/category\/eu-news\/"},{"@type":"ListItem","position":3,"name":"Social Affairs","item":"https:\/\/www.cde.ual.es\/en\/category\/eu-news\/social-affairs\/"},{"@type":"ListItem","position":4,"name":"Migration and Demography","item":"https:\/\/www.cde.ual.es\/en\/category\/eu-news\/social-affairs\/migr-dem\/"},{"@type":"ListItem","position":5,"name":"Home Affairs Council: 10-Point Plan on stronger European coordination on welcoming people fleeing the war against Ukraine"}]},{"@type":"WebSite","@id":"https:\/\/www.cde.ual.es\/#website","url":"https:\/\/www.cde.ual.es\/","name":"CDE Almer\u00eda - Centro de Documentaci\u00f3n Europea - Universidad de Almer\u00eda","description":"Centro de Documentaci\u00f3n Europea de la Universidad de Almer\u00eda","publisher":{"@id":"https:\/\/www.cde.ual.es\/#organization"},"alternateName":"CDE Almer\u00eda","potentialAction":[{"@type":"SearchAction","target":{"@type":"EntryPoint","urlTemplate":"https:\/\/www.cde.ual.es\/?s={search_term_string}"},"query-input":{"@type":"PropertyValueSpecification","valueRequired":true,"valueName":"search_term_string"}}],"inLanguage":"en-US"},{"@type":"Organization","@id":"https:\/\/www.cde.ual.es\/#organization","name":"Centro de Documentaci\u00f3n Europea de Almer\u00eda","url":"https:\/\/www.cde.ual.es\/","logo":{"@type":"ImageObject","inLanguage":"en-US","@id":"https:\/\/www.cde.ual.es\/#\/schema\/logo\/image\/","url":"https:\/\/www.cde.ual.es\/wp-content\/uploads\/2025\/07\/cde-logo-3.png","contentUrl":"https:\/\/www.cde.ual.es\/wp-content\/uploads\/2025\/07\/cde-logo-3.png","width":1400,"height":300,"caption":"Centro de Documentaci\u00f3n Europea de Almer\u00eda"},"image":{"@id":"https:\/\/www.cde.ual.es\/#\/schema\/logo\/image\/"},"sameAs":["https:\/\/www.facebook.com\/cdeuniversidadalmeria\/","https:\/\/x.com\/cdeualmeria","https:\/\/www.tiktok.com\/@cdealmeria","https:\/\/www.instagram.com\/cdealmeria\/","https:\/\/www.linkedin.com\/in\/cde-almera-812b26a9\/"]},{"@type":"Person","@id":"https:\/\/www.cde.ual.es\/#\/schema\/person\/ee46ebc19edfa19598c02cff83335acc","name":"BECA 2 CDE","image":{"@type":"ImageObject","inLanguage":"en-US","@id":"https:\/\/secure.gravatar.com\/avatar\/35a481bbc04bbd90e91bdfa3b0b5541036c222a49b9ad37b6889a2afcb5311a5?s=96&d=mm&r=g","url":"https:\/\/secure.gravatar.com\/avatar\/35a481bbc04bbd90e91bdfa3b0b5541036c222a49b9ad37b6889a2afcb5311a5?s=96&d=mm&r=g","contentUrl":"https:\/\/secure.gravatar.com\/avatar\/35a481bbc04bbd90e91bdfa3b0b5541036c222a49b9ad37b6889a2afcb5311a5?s=96&d=mm&r=g","caption":"BECA 2 CDE"},"sameAs":["http:\/\/www.cdealmeria.com"]}]}},"_links":{"self":[{"href":"https:\/\/www.cde.ual.es\/en\/wp-json\/wp\/v2\/posts\/101002","targetHints":{"allow":["GET"]}}],"collection":[{"href":"https:\/\/www.cde.ual.es\/en\/wp-json\/wp\/v2\/posts"}],"about":[{"href":"https:\/\/www.cde.ual.es\/en\/wp-json\/wp\/v2\/types\/post"}],"author":[{"embeddable":true,"href":"https:\/\/www.cde.ual.es\/en\/wp-json\/wp\/v2\/users\/101011"}],"replies":[{"embeddable":true,"href":"https:\/\/www.cde.ual.es\/en\/wp-json\/wp\/v2\/comments?post=101002"}],"version-history":[{"count":0,"href":"https:\/\/www.cde.ual.es\/en\/wp-json\/wp\/v2\/posts\/101002\/revisions"}],"wp:featuredmedia":[{"embeddable":true,"href":"https:\/\/www.cde.ual.es\/en\/wp-json\/wp\/v2\/media\/99060"}],"wp:attachment":[{"href":"https:\/\/www.cde.ual.es\/en\/wp-json\/wp\/v2\/media?parent=101002"}],"wp:term":[{"taxonomy":"category","embeddable":true,"href":"https:\/\/www.cde.ual.es\/en\/wp-json\/wp\/v2\/categories?post=101002"},{"taxonomy":"post_tag","embeddable":true,"href":"https:\/\/www.cde.ual.es\/en\/wp-json\/wp\/v2\/tags?post=101002"}],"curies":[{"name":"wp","href":"https:\/\/api.w.org\/{rel}","templated":true}]}}