{"id":10087,"date":"2018-11-26T08:25:44","date_gmt":"2018-11-26T07:25:44","guid":{"rendered":"http:\/\/www.cde.ual.es\/?p=10087"},"modified":"2018-11-26T08:25:44","modified_gmt":"2018-11-26T07:25:44","slug":"los-espanoles-los-mas-longevos-de-la-union-europea","status":"publish","type":"post","link":"https:\/\/www.cde.ual.es\/en\/los-espanoles-los-mas-longevos-de-la-union-europea\/","title":{"rendered":"Los espa\u00f1oles, los m\u00e1s longevos de la Uni\u00f3n Europea"},"content":{"rendered":"<p><a href=\"http:\/\/www.cde.ual.es\/wp-content\/uploads\/2018\/11\/Espa\u00f1oles-longevos.png\"><img decoding=\"async\" class=\"size-medium wp-image-10139 aligncenter\" src=\"http:\/\/www.cde.ual.es\/wp-content\/uploads\/2018\/11\/Espa\u00f1oles-longevos-300x210.png\" alt=\"\" width=\"300\" height=\"210\" srcset=\"https:\/\/www.cde.ual.es\/wp-content\/uploads\/2018\/11\/Espa\u00f1oles-longevos-300x210.png 300w, https:\/\/www.cde.ual.es\/wp-content\/uploads\/2018\/11\/Espa\u00f1oles-longevos-768x537.png 768w, https:\/\/www.cde.ual.es\/wp-content\/uploads\/2018\/11\/Espa\u00f1oles-longevos.png 778w\" sizes=\"(max-width: 300px) 100vw, 300px\" \/><\/a><\/p>\n<p><em><strong><span lang=\"ES\">Sin embargo, en el indicador que mide la esperanza de vida sin limitaciones importantes, Espa\u00f1a cae al d\u00e9cimo puesto en el caso de las mujeres y al octavo, en el caso de los hombres.<\/span><\/strong><\/em><\/p>\n<p style=\"font-weight: 400;\">El informe conjunto de la Comisi\u00f3n Europea y la Organizaci\u00f3n para la Cooperaci\u00f3n y el Desarrollo Econ\u00f3mico (<a href=\"http:\/\/www.oecd.org\/\" data-saferedirecturl=\"https:\/\/www.google.com\/url?q=http:\/\/www.oecd.org\/&amp;source=gmail&amp;ust=1543043583777000&amp;usg=AFQjCNHq9vRqbUNe18er0d0TEKu-vt9Klg\">OCDE<\/a>)\u00a0<em><a href=\"https:\/\/ec.europa.eu\/health\/state\/glance_es\" data-saferedirecturl=\"https:\/\/www.google.com\/url?q=https:\/\/ec.europa.eu\/health\/state\/glance_es&amp;source=gmail&amp;ust=1543043583777000&amp;usg=AFQjCNEfdqjtoQnKMeENvJozKIbvMih-xQ\">Health at a Glance: Europe<\/a>\u00a0<\/em>(Panorama de la salud: Europa) correspondiente a 2018<em>,\u00a0<\/em>que se publica hoy, muestra que el aumento constante de la esperanza de vida se ha ralentizado y que persisten grandes diferencias entre los pa\u00edses y dentro de cada uno de ellos, en particular en lo que respecta a la exclusi\u00f3n de las personas con un bajo nivel de educaci\u00f3n. Este informe se basa en an\u00e1lisis comparativos del estado de salud de los ciudadanos de la UE y del funcionamiento de los sistemas sanitarios de los 28 Estados miembros, de 5 pa\u00edses candidatos y de 3 pa\u00edses de la\u00a0<a href=\"http:\/\/www.efta.int\/\" data-saferedirecturl=\"https:\/\/www.google.com\/url?q=http:\/\/www.efta.int\/&amp;source=gmail&amp;ust=1543043583777000&amp;usg=AFQjCNG8qsJ8O2gI0oZbwTRPlb4OzmEylg\">AELC<\/a>.<\/p>\n<h3 style=\"font-weight: 400;\"><strong>Conclusiones principales<\/strong><\/h3>\n<p style=\"font-weight: 400;\"><strong><u>Esperanza de vida:<\/u><\/strong><\/p>\n<p style=\"font-weight: 400;\">Hasta hace poco, la esperanza de vida aumentaba r\u00e1pida y constantemente en todos los pa\u00edses de la UE. Sin embargo, desde 2011, el aumento de la esperanza de vida se ha ralentizado notablemente. Adem\u00e1s, persisten grandes disparidades en las cifras sobre\u00a0 esperanza de vida, no s\u00f3lo en funci\u00f3n del sexo, sino tambi\u00e9n de la situaci\u00f3n socioecon\u00f3mica. Por ejemplo los hombres de 30 a\u00f1os con un bajo nivel educativo tendr\u00e1n, por t\u00e9rmino medio en toda la UE, una esperanza de vida 8 a\u00f1os menor que los que tienen un t\u00edtulo universitario.<\/p>\n<p style=\"font-weight: 400;\">Espa\u00f1a est\u00e1 a la cabeza de la Uni\u00f3n Europea en cuanto a esperanza de vida al nacer, 83,3 a\u00f1os, seguida de Italia, 83,2 a\u00f1os y Francia, 82,8. A pesar de que la esperanza de vida se ha ralentizado, de media, en la UE sigue creciendo 3 meses cada a\u00f1o.\u00a0<a href=\"http:\/\/dx.doi.org\/10.1787\/888933428513\" data-saferedirecturl=\"https:\/\/www.google.com\/url?q=http:\/\/dx.doi.org\/10.1787\/888933428513&amp;source=gmail&amp;ust=1543043583777000&amp;usg=AFQjCNGQ3zZLBJEJHHEK048kiNbMXcgaBA\">Descargar gr\u00e1fico.<\/a><\/p>\n<p style=\"font-weight: 400;\"><strong>Esperanza de vida en Espa\u00f1a sin limitaciones: 73 y 75 a\u00f1os<\/strong><\/p>\n<p style=\"font-weight: 400;\">En cambio, si se presta atenci\u00f3n a los datos sobre los a\u00f1os de vida en los que a partir de los 65 se vive sin limitaciones de actividad, las cosas cambian. Las espa\u00f1olas ocupan el puesto d\u00e9cimo entre los pa\u00edses de la UE, con 73 a\u00f1os y los hombres, ocupan el puesto octavo con 75.Por tanto, en Espa\u00f1a, la longevidad sin limitaciones importantes terminar\u00eda, de media a esas edades.\u00a0<a href=\"http:\/\/dx.doi.org\/10.1787\/888933428539\" data-saferedirecturl=\"https:\/\/www.google.com\/url?q=http:\/\/dx.doi.org\/10.1787\/888933428539&amp;source=gmail&amp;ust=1543043583777000&amp;usg=AFQjCNFMadmr55cfzRvgsas6II8hf9jJyw\">Descargar gr\u00e1fico<\/a>.<\/p>\n<p style=\"font-weight: 400;\"><strong>Causas de mortalidad<\/strong><\/p>\n<p style=\"font-weight: 400;\">La primera causa de mortalidad en la Uni\u00f3n Europea son las enfermedades cardiovasculares.\u00a0 Espa\u00f1a, junto con Francia, Portugal, Pa\u00edses Bajos y B\u00e9lgica es parte del grupo de pa\u00edses con menores tasas de mortalidad por este tipo de enfermedades.<a href=\"http:\/\/dx.doi.org\/10.1787\/888933428578\" data-saferedirecturl=\"https:\/\/www.google.com\/url?q=http:\/\/dx.doi.org\/10.1787\/888933428578&amp;source=gmail&amp;ust=1543043583777000&amp;usg=AFQjCNEKBY8nU8vWHyTPo5eT5M6RvPnu1Q\">Descargar gr\u00e1fico<\/a>.<\/p>\n<p style=\"font-weight: 400;\">El c\u00e1ncer es la segunda causa de mortalidad en la Uni\u00f3n Europea. Las tasas m\u00e1s bajas de mortalidad por esta enfermedad se encuentran en Chipre, Finlandia, Suecia, y Espa\u00f1a, con tasas por debajo del 10 % de la media europea.\u00a0<a href=\"http:\/\/dx.doi.org\/10.1787\/888933428618\" data-saferedirecturl=\"https:\/\/www.google.com\/url?q=http:\/\/dx.doi.org\/10.1787\/888933428618&amp;source=gmail&amp;ust=1543043583777000&amp;usg=AFQjCNFyF8pi42Z_scL1BJfBRMmfDxZ-rg\">Descargar gr\u00e1fico<\/a>.<\/p>\n<p style=\"font-weight: 400;\"><strong><u>Gasto sanitario<\/u><\/strong><\/p>\n<p style=\"font-weight: 400;\">Los datos de varios pa\u00edses sugieren que hasta un 20 % del gasto sanitario podr\u00eda reasignarse para un mejor uso. Mediante una combinaci\u00f3n de medidas pol\u00edticos se podr\u00eda optimizar el gasto garantizando una mayor eficiencia, por ejemplo en la selecci\u00f3n y cobertura o en la adquisici\u00f3n y fijaci\u00f3n de precios de los productos farmac\u00e9uticos a trav\u00e9s de la evaluaci\u00f3n de las tecnolog\u00edas sanitarias.<\/p>\n<p style=\"font-weight: 400;\"><strong><u>Salud mental<\/u><\/strong><\/p>\n<p style=\"font-weight: 400;\">M\u00e1s de 84.000 personas murieron en 2015 a consecuencia de problemas de salud mental en toda Europa. Se calcula que los costes totales derivados de los problemas de salud mental ascienden a m\u00e1s de 600 000 millones de euros al a\u00f1o.<\/p>\n<p style=\"font-weight: 400;\"><strong>Espa\u00f1a\u00a0<\/strong>est\u00e1 entre el grupo de los cinco pa\u00edses de la Uni\u00f3n Europea con mayor prevalencia de demencia, con 18,5 personas por cada mil habitantes y con una previsi\u00f3n de 28 personas por cada mil en 2035.\u00a0<a href=\"http:\/\/dx.doi.org\/10.1787\/888933428892\" data-saferedirecturl=\"https:\/\/www.google.com\/url?q=http:\/\/dx.doi.org\/10.1787\/888933428892&amp;source=gmail&amp;ust=1543043583777000&amp;usg=AFQjCNGKSZxebF7QfLDmHcfI1gY2YXSFDg\">Descargar gr\u00e1fico<\/a>.<\/p>\n<p style=\"font-weight: 400;\"><strong><u>H\u00e1bitos de los j\u00f3venes<\/u><\/strong><\/p>\n<p style=\"font-weight: 400;\">Casi el 40% de los adolescentes reconocen haberse emborrachado al menos una vez el mes anterior. El consumo excesivo de alcohol entre los adolescentes y los adultos sigue siendo un importante problema de salud p\u00fablica, si bien las pol\u00edticas de control del alcohol han contribuido a reducir su consumo globalmente en varios pa\u00edses de la UE.<\/p>\n<p style=\"font-weight: 400;\"><strong><u>Diferencias socioecon\u00f3micas<\/u><\/strong><\/p>\n<p style=\"font-weight: 400;\">En los hogares con bajos ingresos hay cinco veces m\u00e1s probabilidades de que existan\u00a0 necesidades asistenciales no satisfechas que en los hogares de altos ingresos.<\/p>\n<p style=\"font-weight: 400;\"><a href=\"https:\/\/ec.europa.eu\/health\/sites\/health\/files\/state\/docs\/health_glance_2016_infograph_en.pdf\" data-saferedirecturl=\"https:\/\/www.google.com\/url?q=https:\/\/ec.europa.eu\/health\/sites\/health\/files\/state\/docs\/health_glance_2016_infograph_en.pdf&amp;source=gmail&amp;ust=1543043583777000&amp;usg=AFQjCNHtqep2NqMU6MCTpvRt2JxFMFlvmQ\">Descargar la infograf\u00eda un resumen de los datos clave para toda la UE<\/a><\/p>\n<p style=\"font-weight: 400;\"><em>\u00abAunque la esperanza de vida en la UE es una de las m\u00e1s altas del mundo, no deber\u00edamos dormirnos en los laureles. Podr\u00edan salvarse muchas vidas haciendo m\u00e1s hincapi\u00e9 en promover estilos de vida saludables y en abordar factores de riesgo como el tabaco o la falta de actividad f\u00edsica. Es inaceptable que cada a\u00f1o estemos perdiendo m\u00e1s de 1,2 millones de vidas prematuramente en la UE, porque esa cifra podr\u00eda reducirse mediante una mejor prevenci\u00f3n de las enfermedades y unas intervenciones sanitarias m\u00e1s eficaces\u00bb,\u00a0<\/em>ha declarado Vytenis\u00a0<strong>Andriukaitis<\/strong>, comisario de Salud y Seguridad Alimentaria.<\/p>\n<p style=\"font-weight: 400;\">El informe pide, adem\u00e1s, mejoras en las pol\u00edticas de salud mental y en la prevenci\u00f3n de las enfermedades mentales, que no s\u00f3lo tienen consecuencias sociales, pues se ha estimado que su incidencia en el PIB es de m\u00e1s de un 4 % en toda la UE. Tambi\u00e9n se pide en el informe que se eliminen factores de riesgo como el tabaquismo, el alcoholismo y la obesidad, que se reduzca la mortalidad prematura, se garantice el acceso universal a la asistencia sanitaria y se refuerce la capacidad de recuperaci\u00f3n de los sistemas sanitarios<em>.<\/em><\/p>\n<h3 style=\"font-weight: 400;\"><strong>Antecedentes<\/strong><\/h3>\n<p style=\"font-weight: 400;\">En 2016, la Comisi\u00f3n Europea puso en marcha el programa Estado de la salud en la UE, ciclo de mediaci\u00f3n de conocimientos cuyo objetivo es ayudar a los Estados miembros de la UE a mejorar la salud de sus ciudadanos y el funcionamiento de sus sistemas sanitarios. Los informes fueron bien recibidos y utilizados por las autoridades nacionales. Siete Estados miembros (Austria, Chipre, Finlandia, Italia, Pa\u00edses Bajos, Polonia y Suecia) solicitaron un intercambio voluntario para debatir los resultados y compartir las mejores pr\u00e1cticas.<\/p>\n<p style=\"font-weight: 400;\"><em><a href=\"https:\/\/ec.europa.eu\/health\/state\/glance_es\" data-saferedirecturl=\"https:\/\/www.google.com\/url?q=https:\/\/ec.europa.eu\/health\/state\/glance_es&amp;source=gmail&amp;ust=1543043583777000&amp;usg=AFQjCNEfdqjtoQnKMeENvJozKIbvMih-xQ\">Health at a Glance: Europe<\/a>\u00a02018<\/em>\u00a0es el primer producto del segundo Estado de la salud en la UE, que ofrece cada a\u00f1o una visi\u00f3n general de la UE como base para el an\u00e1lisis espec\u00edfico de cada pa\u00eds que se realiza posteriormente. El informe es el resultado de una estrecha colaboraci\u00f3n entre la\u00a0<a href=\"http:\/\/www.oecd.org\/\" data-saferedirecturl=\"https:\/\/www.google.com\/url?q=http:\/\/www.oecd.org\/&amp;source=gmail&amp;ust=1543043583777000&amp;usg=AFQjCNHq9vRqbUNe18er0d0TEKu-vt9Klg\">OCDE<\/a>\u00a0y la Comisi\u00f3n para mejorar el conocimiento y la comprensi\u00f3n de las cuestiones sanitarias.<\/p>\n<p style=\"font-weight: 400;\">La evoluci\u00f3n de los sistemas sanitarios de la UE queda recogida en el informe en t\u00e9rminos de eficacia, accesibilidad y resiliencia, utilizando los \u00faltimos datos disponibles. Con el Estado de la salud en la UE, la Comisi\u00f3n responde a la necesidad de acumular conocimientos espec\u00edficos de cada pa\u00eds y de las relaciones entre diferentes pa\u00edses que puedan servir de base para definir las pol\u00edticas a nivel nacional y europeo.<\/p>\n<h3 style=\"font-weight: 400;\"><strong>\u00a0<\/strong><strong>Siguientes etapas<\/strong><\/h3>\n<p style=\"font-weight: 400;\">La segunda etapa del ciclo consiste en la publicaci\u00f3n conjunta, con la\u00a0<a href=\"http:\/\/www.oecd.org\/\" data-saferedirecturl=\"https:\/\/www.google.com\/url?q=http:\/\/www.oecd.org\/&amp;source=gmail&amp;ust=1543043583777000&amp;usg=AFQjCNHq9vRqbUNe18er0d0TEKu-vt9Klg\">OCDE<\/a>\u00a0y el\u00a0<a href=\"http:\/\/www.euro.who.int\/en\/about-us\/partners\/observatory\" data-saferedirecturl=\"https:\/\/www.google.com\/url?q=http:\/\/www.euro.who.int\/en\/about-us\/partners\/observatory&amp;source=gmail&amp;ust=1543043583777000&amp;usg=AFQjCNHNDLHQATC0NT0hOfv3BXd1YXG3XQ\">Observatorio Europeo de Sistemas y Pol\u00edticas de Asistencia Sanitaria<\/a>, de los perfiles sanitarios nacionales de todos los pa\u00edses de la UE en 2019, en los que se destacar\u00e1n las caracter\u00edsticas y los retos particulares de cada Estado miembro y que se presentar\u00e1n junto con un informe de acompa\u00f1amiento en el que la Comisi\u00f3n extrae conclusiones transversales. El ciclo finalizar\u00e1\u00a0 con una serie de intercambios voluntarios con los Estados miembros, que constituyen oportunidades para dialogar sobre algunos de los retos identificados con los expertos responsables de todos los an\u00e1lisis y para idear posibles respuestas en el \u00e1mbito de las pol\u00edticas.<\/p>\n<h3 style=\"font-weight: 400;\">M\u00e1s informaci\u00f3n<\/h3>\n<p style=\"font-weight: 400;\">En este enlace podr\u00e1 acceder a m\u00e1s informaci\u00f3n sobre el Estado de\u00a0la\u00a0salud\u00a0en la UE y el informe\u00a0<em>Health at a Glance: Europe 2018<\/em>:\u00a0<a href=\"http:\/\/ec.europa.eu\/health\/state\" data-saferedirecturl=\"https:\/\/www.google.com\/url?q=http:\/\/ec.europa.eu\/health\/state&amp;source=gmail&amp;ust=1543043583777000&amp;usg=AFQjCNEoMD6NSgj8ZeV6dpotZkxI2w7HjQ\">http:\/\/ec.europa.eu\/health\/state<\/a><u>.<\/u><\/p>\n","protected":false},"excerpt":{"rendered":"<p>Sin embargo, en el indicador que mide la esperanza de vida sin limitaciones importantes, Espa\u00f1a cae al d\u00e9cimo puesto en el caso de las mujeres y al octavo, en el caso de los hombres. El informe conjunto de la Comisi\u00f3n Europea y la Organizaci\u00f3n para la Cooperaci\u00f3n y el Desarrollo Econ\u00f3mico (OCDE)\u00a0Health at a Glance: [&hellip;]<\/p>\n","protected":false},"author":1,"featured_media":10139,"comment_status":"open","ping_status":"open","sticky":false,"template":"","format":"standard","meta":{"_acf_changed":false,"_relevanssi_hide_post":"","_relevanssi_hide_content":"","_relevanssi_pin_for_all":"","_relevanssi_pin_keywords":"","_relevanssi_unpin_keywords":"","_relevanssi_related_keywords":"","_relevanssi_related_include_ids":"","_relevanssi_related_exclude_ids":"","_relevanssi_related_no_append":"","_relevanssi_related_not_related":"","_relevanssi_related_posts":"","_relevanssi_noindex_reason":"","_monsterinsights_skip_tracking":false,"_monsterinsights_sitenote_active":false,"_monsterinsights_sitenote_note":"","_monsterinsights_sitenote_category":0,"_genesis_hide_title":false,"_genesis_hide_breadcrumbs":false,"_genesis_hide_singular_image":false,"_genesis_hide_footer_widgets":false,"_genesis_custom_body_class":"","_genesis_custom_post_class":"","_genesis_layout":"","footnotes":""},"categories":[96],"tags":[],"class_list":{"0":"post-10087","1":"post","2":"type-post","3":"status-publish","4":"format-standard","5":"has-post-thumbnail","7":"category-noticias-ue","8":"entry"},"acf":[],"yoast_head":"<!-- This site is optimized with the Yoast SEO plugin v27.5 - https:\/\/yoast.com\/product\/yoast-seo-wordpress\/ -->\n<title>Los espa\u00f1oles, los m\u00e1s longevos de la Uni\u00f3n Europea | CDE Almer\u00eda - Centro de Documentaci\u00f3n Europea - Universidad de Almer\u00eda<\/title>\n<meta name=\"robots\" content=\"index, follow, max-snippet:-1, max-image-preview:large, max-video-preview:-1\" \/>\n<link rel=\"canonical\" href=\"https:\/\/www.cde.ual.es\/en\/los-espanoles-los-mas-longevos-de-la-union-europea\/\" \/>\n<meta property=\"og:locale\" content=\"en_US\" \/>\n<meta property=\"og:type\" content=\"article\" \/>\n<meta property=\"og:title\" content=\"Los espa\u00f1oles, los m\u00e1s longevos de la Uni\u00f3n Europea | CDE Almer\u00eda - Centro de Documentaci\u00f3n Europea - Universidad de Almer\u00eda\" \/>\n<meta property=\"og:description\" content=\"Sin embargo, en el indicador que mide la esperanza de vida sin limitaciones importantes, Espa\u00f1a cae al d\u00e9cimo puesto en el caso de las mujeres y al octavo, en el caso de los hombres. El informe conjunto de la Comisi\u00f3n Europea y la Organizaci\u00f3n para la Cooperaci\u00f3n y el Desarrollo Econ\u00f3mico (OCDE)\u00a0Health at a Glance: [&hellip;]\" \/>\n<meta property=\"og:url\" content=\"https:\/\/www.cde.ual.es\/en\/los-espanoles-los-mas-longevos-de-la-union-europea\/\" \/>\n<meta property=\"og:site_name\" content=\"CDE Almer\u00eda - Centro de Documentaci\u00f3n Europea - Universidad de Almer\u00eda\" \/>\n<meta property=\"article:publisher\" content=\"https:\/\/www.facebook.com\/cdeuniversidadalmeria\/\" \/>\n<meta property=\"article:published_time\" content=\"2018-11-26T07:25:44+00:00\" \/>\n<meta property=\"og:image\" content=\"https:\/\/www.cde.ual.es\/wp-content\/uploads\/2018\/11\/Espa\u00f1oles-longevos.png\" \/>\n\t<meta property=\"og:image:width\" content=\"778\" \/>\n\t<meta property=\"og:image:height\" content=\"544\" \/>\n\t<meta property=\"og:image:type\" content=\"image\/png\" \/>\n<meta name=\"author\" content=\"AdminCDE\" \/>\n<meta name=\"twitter:card\" content=\"summary_large_image\" \/>\n<meta name=\"twitter:creator\" content=\"@cdeualmeria\" \/>\n<meta name=\"twitter:site\" content=\"@cdeualmeria\" \/>\n<meta name=\"twitter:label1\" content=\"Written by\" \/>\n\t<meta name=\"twitter:data1\" content=\"AdminCDE\" \/>\n\t<meta name=\"twitter:label2\" content=\"Est. reading time\" \/>\n\t<meta name=\"twitter:data2\" content=\"7 minutes\" \/>\n<script type=\"application\/ld+json\" class=\"yoast-schema-graph\">{\"@context\":\"https:\\\/\\\/schema.org\",\"@graph\":[{\"@type\":\"Article\",\"@id\":\"https:\\\/\\\/www.cde.ual.es\\\/en\\\/los-espanoles-los-mas-longevos-de-la-union-europea\\\/#article\",\"isPartOf\":{\"@id\":\"https:\\\/\\\/www.cde.ual.es\\\/en\\\/los-espanoles-los-mas-longevos-de-la-union-europea\\\/\"},\"author\":{\"name\":\"AdminCDE\",\"@id\":\"https:\\\/\\\/www.cde.ual.es\\\/#\\\/schema\\\/person\\\/224ef08c8bcc005f319d2713ce37ee5f\"},\"headline\":\"Los espa\u00f1oles, los m\u00e1s longevos de la Uni\u00f3n Europea\",\"datePublished\":\"2018-11-26T07:25:44+00:00\",\"mainEntityOfPage\":{\"@id\":\"https:\\\/\\\/www.cde.ual.es\\\/en\\\/los-espanoles-los-mas-longevos-de-la-union-europea\\\/\"},\"wordCount\":1382,\"commentCount\":0,\"publisher\":{\"@id\":\"https:\\\/\\\/www.cde.ual.es\\\/#organization\"},\"image\":{\"@id\":\"https:\\\/\\\/www.cde.ual.es\\\/en\\\/los-espanoles-los-mas-longevos-de-la-union-europea\\\/#primaryimage\"},\"thumbnailUrl\":\"https:\\\/\\\/www.cde.ual.es\\\/wp-content\\\/uploads\\\/2018\\\/11\\\/Espa\u00f1oles-longevos.png\",\"articleSection\":[\"Noticias UE\"],\"inLanguage\":\"en-US\",\"potentialAction\":[{\"@type\":\"CommentAction\",\"name\":\"Comment\",\"target\":[\"https:\\\/\\\/www.cde.ual.es\\\/en\\\/los-espanoles-los-mas-longevos-de-la-union-europea\\\/#respond\"]}]},{\"@type\":\"WebPage\",\"@id\":\"https:\\\/\\\/www.cde.ual.es\\\/en\\\/los-espanoles-los-mas-longevos-de-la-union-europea\\\/\",\"url\":\"https:\\\/\\\/www.cde.ual.es\\\/en\\\/los-espanoles-los-mas-longevos-de-la-union-europea\\\/\",\"name\":\"Los espa\u00f1oles, los m\u00e1s longevos de la Uni\u00f3n Europea | CDE Almer\u00eda - Centro de Documentaci\u00f3n Europea - Universidad de Almer\u00eda\",\"isPartOf\":{\"@id\":\"https:\\\/\\\/www.cde.ual.es\\\/#website\"},\"primaryImageOfPage\":{\"@id\":\"https:\\\/\\\/www.cde.ual.es\\\/en\\\/los-espanoles-los-mas-longevos-de-la-union-europea\\\/#primaryimage\"},\"image\":{\"@id\":\"https:\\\/\\\/www.cde.ual.es\\\/en\\\/los-espanoles-los-mas-longevos-de-la-union-europea\\\/#primaryimage\"},\"thumbnailUrl\":\"https:\\\/\\\/www.cde.ual.es\\\/wp-content\\\/uploads\\\/2018\\\/11\\\/Espa\u00f1oles-longevos.png\",\"datePublished\":\"2018-11-26T07:25:44+00:00\",\"breadcrumb\":{\"@id\":\"https:\\\/\\\/www.cde.ual.es\\\/en\\\/los-espanoles-los-mas-longevos-de-la-union-europea\\\/#breadcrumb\"},\"inLanguage\":\"en-US\",\"potentialAction\":[{\"@type\":\"ReadAction\",\"target\":[\"https:\\\/\\\/www.cde.ual.es\\\/en\\\/los-espanoles-los-mas-longevos-de-la-union-europea\\\/\"]}]},{\"@type\":\"ImageObject\",\"inLanguage\":\"en-US\",\"@id\":\"https:\\\/\\\/www.cde.ual.es\\\/en\\\/los-espanoles-los-mas-longevos-de-la-union-europea\\\/#primaryimage\",\"url\":\"https:\\\/\\\/www.cde.ual.es\\\/wp-content\\\/uploads\\\/2018\\\/11\\\/Espa\u00f1oles-longevos.png\",\"contentUrl\":\"https:\\\/\\\/www.cde.ual.es\\\/wp-content\\\/uploads\\\/2018\\\/11\\\/Espa\u00f1oles-longevos.png\",\"width\":778,\"height\":544},{\"@type\":\"BreadcrumbList\",\"@id\":\"https:\\\/\\\/www.cde.ual.es\\\/en\\\/los-espanoles-los-mas-longevos-de-la-union-europea\\\/#breadcrumb\",\"itemListElement\":[{\"@type\":\"ListItem\",\"position\":1,\"name\":\"Inicio\",\"item\":\"https:\\\/\\\/www.cde.ual.es\\\/en\\\/\"},{\"@type\":\"ListItem\",\"position\":2,\"name\":\"EU News\",\"item\":\"https:\\\/\\\/www.cde.ual.es\\\/en\\\/category\\\/eu-news\\\/\"},{\"@type\":\"ListItem\",\"position\":3,\"name\":\"Los espa\u00f1oles, los m\u00e1s longevos de la Uni\u00f3n Europea\"}]},{\"@type\":\"WebSite\",\"@id\":\"https:\\\/\\\/www.cde.ual.es\\\/#website\",\"url\":\"https:\\\/\\\/www.cde.ual.es\\\/\",\"name\":\"CDE Almer\u00eda - Centro de Documentaci\u00f3n Europea - Universidad de Almer\u00eda\",\"description\":\"Centro de Documentaci\u00f3n Europea de la Universidad de Almer\u00eda\",\"publisher\":{\"@id\":\"https:\\\/\\\/www.cde.ual.es\\\/#organization\"},\"alternateName\":\"CDE Almer\u00eda\",\"potentialAction\":[{\"@type\":\"SearchAction\",\"target\":{\"@type\":\"EntryPoint\",\"urlTemplate\":\"https:\\\/\\\/www.cde.ual.es\\\/?s={search_term_string}\"},\"query-input\":{\"@type\":\"PropertyValueSpecification\",\"valueRequired\":true,\"valueName\":\"search_term_string\"}}],\"inLanguage\":\"en-US\"},{\"@type\":\"Organization\",\"@id\":\"https:\\\/\\\/www.cde.ual.es\\\/#organization\",\"name\":\"Centro de Documentaci\u00f3n Europea de Almer\u00eda\",\"url\":\"https:\\\/\\\/www.cde.ual.es\\\/\",\"logo\":{\"@type\":\"ImageObject\",\"inLanguage\":\"en-US\",\"@id\":\"https:\\\/\\\/www.cde.ual.es\\\/#\\\/schema\\\/logo\\\/image\\\/\",\"url\":\"https:\\\/\\\/www.cde.ual.es\\\/wp-content\\\/uploads\\\/2025\\\/07\\\/cde-logo-3.png\",\"contentUrl\":\"https:\\\/\\\/www.cde.ual.es\\\/wp-content\\\/uploads\\\/2025\\\/07\\\/cde-logo-3.png\",\"width\":1400,\"height\":300,\"caption\":\"Centro de Documentaci\u00f3n Europea de Almer\u00eda\"},\"image\":{\"@id\":\"https:\\\/\\\/www.cde.ual.es\\\/#\\\/schema\\\/logo\\\/image\\\/\"},\"sameAs\":[\"https:\\\/\\\/www.facebook.com\\\/cdeuniversidadalmeria\\\/\",\"https:\\\/\\\/x.com\\\/cdeualmeria\",\"https:\\\/\\\/www.tiktok.com\\\/@cdealmeria\",\"https:\\\/\\\/www.instagram.com\\\/cdealmeria\\\/\",\"https:\\\/\\\/www.linkedin.com\\\/in\\\/cde-almera-812b26a9\\\/\"]},{\"@type\":\"Person\",\"@id\":\"https:\\\/\\\/www.cde.ual.es\\\/#\\\/schema\\\/person\\\/224ef08c8bcc005f319d2713ce37ee5f\",\"name\":\"AdminCDE\",\"image\":{\"@type\":\"ImageObject\",\"inLanguage\":\"en-US\",\"@id\":\"https:\\\/\\\/secure.gravatar.com\\\/avatar\\\/a72d038d371f995cd13706fac32274b7952a52e8fb0a84b5f80c85426f2a98a8?s=96&d=mm&r=g\",\"url\":\"https:\\\/\\\/secure.gravatar.com\\\/avatar\\\/a72d038d371f995cd13706fac32274b7952a52e8fb0a84b5f80c85426f2a98a8?s=96&d=mm&r=g\",\"contentUrl\":\"https:\\\/\\\/secure.gravatar.com\\\/avatar\\\/a72d038d371f995cd13706fac32274b7952a52e8fb0a84b5f80c85426f2a98a8?s=96&d=mm&r=g\",\"caption\":\"AdminCDE\"}}]}<\/script>\n<!-- \/ Yoast SEO plugin. -->","yoast_head_json":{"title":"Los espa\u00f1oles, los m\u00e1s longevos de la Uni\u00f3n Europea | CDE Almer\u00eda - Centro de Documentaci\u00f3n Europea - Universidad de Almer\u00eda","robots":{"index":"index","follow":"follow","max-snippet":"max-snippet:-1","max-image-preview":"max-image-preview:large","max-video-preview":"max-video-preview:-1"},"canonical":"https:\/\/www.cde.ual.es\/en\/los-espanoles-los-mas-longevos-de-la-union-europea\/","og_locale":"en_US","og_type":"article","og_title":"Los espa\u00f1oles, los m\u00e1s longevos de la Uni\u00f3n Europea | CDE Almer\u00eda - Centro de Documentaci\u00f3n Europea - Universidad de Almer\u00eda","og_description":"Sin embargo, en el indicador que mide la esperanza de vida sin limitaciones importantes, Espa\u00f1a cae al d\u00e9cimo puesto en el caso de las mujeres y al octavo, en el caso de los hombres. El informe conjunto de la Comisi\u00f3n Europea y la Organizaci\u00f3n para la Cooperaci\u00f3n y el Desarrollo Econ\u00f3mico (OCDE)\u00a0Health at a Glance: [&hellip;]","og_url":"https:\/\/www.cde.ual.es\/en\/los-espanoles-los-mas-longevos-de-la-union-europea\/","og_site_name":"CDE Almer\u00eda - Centro de Documentaci\u00f3n Europea - Universidad de Almer\u00eda","article_publisher":"https:\/\/www.facebook.com\/cdeuniversidadalmeria\/","article_published_time":"2018-11-26T07:25:44+00:00","og_image":[{"width":778,"height":544,"url":"https:\/\/www.cde.ual.es\/wp-content\/uploads\/2018\/11\/Espa\u00f1oles-longevos.png","type":"image\/png"}],"author":"AdminCDE","twitter_card":"summary_large_image","twitter_creator":"@cdeualmeria","twitter_site":"@cdeualmeria","twitter_misc":{"Written by":"AdminCDE","Est. reading time":"7 minutes"},"schema":{"@context":"https:\/\/schema.org","@graph":[{"@type":"Article","@id":"https:\/\/www.cde.ual.es\/en\/los-espanoles-los-mas-longevos-de-la-union-europea\/#article","isPartOf":{"@id":"https:\/\/www.cde.ual.es\/en\/los-espanoles-los-mas-longevos-de-la-union-europea\/"},"author":{"name":"AdminCDE","@id":"https:\/\/www.cde.ual.es\/#\/schema\/person\/224ef08c8bcc005f319d2713ce37ee5f"},"headline":"Los espa\u00f1oles, los m\u00e1s longevos de la Uni\u00f3n Europea","datePublished":"2018-11-26T07:25:44+00:00","mainEntityOfPage":{"@id":"https:\/\/www.cde.ual.es\/en\/los-espanoles-los-mas-longevos-de-la-union-europea\/"},"wordCount":1382,"commentCount":0,"publisher":{"@id":"https:\/\/www.cde.ual.es\/#organization"},"image":{"@id":"https:\/\/www.cde.ual.es\/en\/los-espanoles-los-mas-longevos-de-la-union-europea\/#primaryimage"},"thumbnailUrl":"https:\/\/www.cde.ual.es\/wp-content\/uploads\/2018\/11\/Espa\u00f1oles-longevos.png","articleSection":["Noticias UE"],"inLanguage":"en-US","potentialAction":[{"@type":"CommentAction","name":"Comment","target":["https:\/\/www.cde.ual.es\/en\/los-espanoles-los-mas-longevos-de-la-union-europea\/#respond"]}]},{"@type":"WebPage","@id":"https:\/\/www.cde.ual.es\/en\/los-espanoles-los-mas-longevos-de-la-union-europea\/","url":"https:\/\/www.cde.ual.es\/en\/los-espanoles-los-mas-longevos-de-la-union-europea\/","name":"Los espa\u00f1oles, los m\u00e1s longevos de la Uni\u00f3n Europea | CDE Almer\u00eda - Centro de Documentaci\u00f3n Europea - Universidad de Almer\u00eda","isPartOf":{"@id":"https:\/\/www.cde.ual.es\/#website"},"primaryImageOfPage":{"@id":"https:\/\/www.cde.ual.es\/en\/los-espanoles-los-mas-longevos-de-la-union-europea\/#primaryimage"},"image":{"@id":"https:\/\/www.cde.ual.es\/en\/los-espanoles-los-mas-longevos-de-la-union-europea\/#primaryimage"},"thumbnailUrl":"https:\/\/www.cde.ual.es\/wp-content\/uploads\/2018\/11\/Espa\u00f1oles-longevos.png","datePublished":"2018-11-26T07:25:44+00:00","breadcrumb":{"@id":"https:\/\/www.cde.ual.es\/en\/los-espanoles-los-mas-longevos-de-la-union-europea\/#breadcrumb"},"inLanguage":"en-US","potentialAction":[{"@type":"ReadAction","target":["https:\/\/www.cde.ual.es\/en\/los-espanoles-los-mas-longevos-de-la-union-europea\/"]}]},{"@type":"ImageObject","inLanguage":"en-US","@id":"https:\/\/www.cde.ual.es\/en\/los-espanoles-los-mas-longevos-de-la-union-europea\/#primaryimage","url":"https:\/\/www.cde.ual.es\/wp-content\/uploads\/2018\/11\/Espa\u00f1oles-longevos.png","contentUrl":"https:\/\/www.cde.ual.es\/wp-content\/uploads\/2018\/11\/Espa\u00f1oles-longevos.png","width":778,"height":544},{"@type":"BreadcrumbList","@id":"https:\/\/www.cde.ual.es\/en\/los-espanoles-los-mas-longevos-de-la-union-europea\/#breadcrumb","itemListElement":[{"@type":"ListItem","position":1,"name":"Inicio","item":"https:\/\/www.cde.ual.es\/en\/"},{"@type":"ListItem","position":2,"name":"EU News","item":"https:\/\/www.cde.ual.es\/en\/category\/eu-news\/"},{"@type":"ListItem","position":3,"name":"Los espa\u00f1oles, los m\u00e1s longevos de la Uni\u00f3n Europea"}]},{"@type":"WebSite","@id":"https:\/\/www.cde.ual.es\/#website","url":"https:\/\/www.cde.ual.es\/","name":"CDE Almer\u00eda - Centro de Documentaci\u00f3n Europea - Universidad de Almer\u00eda","description":"Centro de Documentaci\u00f3n Europea de la Universidad de Almer\u00eda","publisher":{"@id":"https:\/\/www.cde.ual.es\/#organization"},"alternateName":"CDE Almer\u00eda","potentialAction":[{"@type":"SearchAction","target":{"@type":"EntryPoint","urlTemplate":"https:\/\/www.cde.ual.es\/?s={search_term_string}"},"query-input":{"@type":"PropertyValueSpecification","valueRequired":true,"valueName":"search_term_string"}}],"inLanguage":"en-US"},{"@type":"Organization","@id":"https:\/\/www.cde.ual.es\/#organization","name":"Centro de Documentaci\u00f3n Europea de Almer\u00eda","url":"https:\/\/www.cde.ual.es\/","logo":{"@type":"ImageObject","inLanguage":"en-US","@id":"https:\/\/www.cde.ual.es\/#\/schema\/logo\/image\/","url":"https:\/\/www.cde.ual.es\/wp-content\/uploads\/2025\/07\/cde-logo-3.png","contentUrl":"https:\/\/www.cde.ual.es\/wp-content\/uploads\/2025\/07\/cde-logo-3.png","width":1400,"height":300,"caption":"Centro de Documentaci\u00f3n Europea de Almer\u00eda"},"image":{"@id":"https:\/\/www.cde.ual.es\/#\/schema\/logo\/image\/"},"sameAs":["https:\/\/www.facebook.com\/cdeuniversidadalmeria\/","https:\/\/x.com\/cdeualmeria","https:\/\/www.tiktok.com\/@cdealmeria","https:\/\/www.instagram.com\/cdealmeria\/","https:\/\/www.linkedin.com\/in\/cde-almera-812b26a9\/"]},{"@type":"Person","@id":"https:\/\/www.cde.ual.es\/#\/schema\/person\/224ef08c8bcc005f319d2713ce37ee5f","name":"AdminCDE","image":{"@type":"ImageObject","inLanguage":"en-US","@id":"https:\/\/secure.gravatar.com\/avatar\/a72d038d371f995cd13706fac32274b7952a52e8fb0a84b5f80c85426f2a98a8?s=96&d=mm&r=g","url":"https:\/\/secure.gravatar.com\/avatar\/a72d038d371f995cd13706fac32274b7952a52e8fb0a84b5f80c85426f2a98a8?s=96&d=mm&r=g","contentUrl":"https:\/\/secure.gravatar.com\/avatar\/a72d038d371f995cd13706fac32274b7952a52e8fb0a84b5f80c85426f2a98a8?s=96&d=mm&r=g","caption":"AdminCDE"}}]}},"_links":{"self":[{"href":"https:\/\/www.cde.ual.es\/en\/wp-json\/wp\/v2\/posts\/10087","targetHints":{"allow":["GET"]}}],"collection":[{"href":"https:\/\/www.cde.ual.es\/en\/wp-json\/wp\/v2\/posts"}],"about":[{"href":"https:\/\/www.cde.ual.es\/en\/wp-json\/wp\/v2\/types\/post"}],"author":[{"embeddable":true,"href":"https:\/\/www.cde.ual.es\/en\/wp-json\/wp\/v2\/users\/1"}],"replies":[{"embeddable":true,"href":"https:\/\/www.cde.ual.es\/en\/wp-json\/wp\/v2\/comments?post=10087"}],"version-history":[{"count":0,"href":"https:\/\/www.cde.ual.es\/en\/wp-json\/wp\/v2\/posts\/10087\/revisions"}],"wp:featuredmedia":[{"embeddable":true,"href":"https:\/\/www.cde.ual.es\/en\/wp-json\/wp\/v2\/media\/10139"}],"wp:attachment":[{"href":"https:\/\/www.cde.ual.es\/en\/wp-json\/wp\/v2\/media?parent=10087"}],"wp:term":[{"taxonomy":"category","embeddable":true,"href":"https:\/\/www.cde.ual.es\/en\/wp-json\/wp\/v2\/categories?post=10087"},{"taxonomy":"post_tag","embeddable":true,"href":"https:\/\/www.cde.ual.es\/en\/wp-json\/wp\/v2\/tags?post=10087"}],"curies":[{"name":"wp","href":"https:\/\/api.w.org\/{rel}","templated":true}]}}