{"id":10084,"date":"2018-11-23T08:10:58","date_gmt":"2018-11-23T07:10:58","guid":{"rendered":"http:\/\/www.cde.ual.es\/?p=10084"},"modified":"2018-11-23T13:48:17","modified_gmt":"2018-11-23T12:48:17","slug":"el-mercado-unico-la-mejor-baza-de-europa-en-un-mundo-cambiante","status":"publish","type":"post","link":"https:\/\/www.cde.ual.es\/en\/el-mercado-unico-la-mejor-baza-de-europa-en-un-mundo-cambiante\/","title":{"rendered":"El mercado \u00fanico: la mejor baza de Europa en un mundo cambiante"},"content":{"rendered":"<p><span lang=\"ES\"><em><strong>La Comisi\u00f3n Europea presenta hoy una nueva evaluaci\u00f3n de la situaci\u00f3n del mercado \u00fanico e insta a los Estados miembros a que renueven su compromiso pol\u00edtico con \u00e9l.<\/strong><\/em><u><\/u><u><\/u><\/span><\/p>\n<p><a href=\"http:\/\/www.cde.ual.es\/wp-content\/uploads\/2018\/11\/Mercado-Unico.png\"><img decoding=\"async\" class=\"size-medium wp-image-10085 aligncenter\" src=\"http:\/\/www.cde.ual.es\/wp-content\/uploads\/2018\/11\/Mercado-Unico-300x185.png\" alt=\"\" width=\"300\" height=\"185\" srcset=\"https:\/\/www.cde.ual.es\/wp-content\/uploads\/2018\/11\/Mercado-Unico-300x185.png 300w, https:\/\/www.cde.ual.es\/wp-content\/uploads\/2018\/11\/Mercado-Unico-768x474.png 768w, https:\/\/www.cde.ual.es\/wp-content\/uploads\/2018\/11\/Mercado-Unico-620x380.png 620w, https:\/\/www.cde.ual.es\/wp-content\/uploads\/2018\/11\/Mercado-Unico.png 831w\" sizes=\"(max-width: 300px) 100vw, 300px\" \/><\/a><\/p>\n<p>&nbsp;<\/p>\n<p><span lang=\"ES\">Durante los \u00faltimos veinticinco a\u00f1os, el mercado \u00fanico ha hecho de Europa uno de los lugares m\u00e1s atractivos para vivir y hacer negocios, y sus cuatro libertades indivisibles (la libre circulaci\u00f3n de personas, mercanc\u00edas, servicios y capitales) han contribuido a mejorar la prosperidad de los ciudadanos y reforzar la competitividad de la UE. Con el fin de aprovechar todo su potencial en la era digital y garantizar el crecimiento sostenible de nuestra econom\u00eda, el mercado \u00fanico debe funcionar correctamente y evolucionar de manera constante en un mundo que cambia a gran velocidad. Hoy en d\u00eda, sin embargo, intensificar la integraci\u00f3n requiere una valent\u00eda pol\u00edtica y un compromiso mayor que hace veinticinco a\u00f1os, as\u00ed como esfuerzos renovados para eliminar la brecha entre la ret\u00f3rica y la pr\u00e1ctica.<u><\/u><u><\/u><\/span><\/p>\n<p><span lang=\"ES\">Jyrki\u00a0<strong>Katainen<\/strong>, vicepresidente responsable de Fomento del Empleo, Crecimiento, Inversi\u00f3n y Competitividad, ha manifestado:\u00a0<em>\u00abA seis meses de las elecciones europeas, conviene recordar a los ciudadanos que el mercado \u00fanico mejora nuestra vida diaria y constituye un trampol\u00edn excepcional para que nuestras empresas innoven y ampl\u00eden sus actividades m\u00e1s all\u00e1 de las fronteras. Analicemos, para aquellos que sienten la tentaci\u00f3n de levantar nuevas barreras, cu\u00e1l es el panorama general: en un mundo donde el multilateralismo est\u00e1 en entredicho y los competidores de Europa crecen r\u00e1pidamente en t\u00e9rminos de PIB y de poblaci\u00f3n, el mercado \u00fanico es una baza inmejorable para conservar y fomentar la reputaci\u00f3n, los valores y la influencia de nuestro continente en el mundo\u00bb.<\/em><u><\/u><u><\/u><\/span><\/p>\n<p><span lang=\"ES\">Por su parte, El\u017cbieta\u00a0<strong>Bie\u0144kowska<\/strong>, comisaria de Mercado Interior, Industria, Emprendimiento y Pymes, ha a\u00f1adido:<em>\u00a0\u00abEl mercado \u00fanico es sin\u00f3nimo de libertad, oportunidades y prosperidad, pero para que las personas, los servicios, los productos y los capitales disfruten de libertad de circulaci\u00f3n (tanto f\u00edsicamente como en l\u00ednea), necesitamos que todas las personas de la UE act\u00faen seg\u00fan las normas acordadas conjuntamente. Necesitamos que dichas normas se apliquen de manera efectiva y coherente. De la misma manera en que luchamos contra el proteccionismo fuera de la UE, debemos combatir la fragmentaci\u00f3n interna y reafirmar continuamente nuestro mercado \u00fanico, a fin de conservar nuestra mejor baza para las generaciones futuras\u00bb.<\/em><u><\/u><u><\/u><\/span><\/p>\n<p><span lang=\"ES\">La Comisi\u00f3n destaca tres \u00e1mbitos principales en los que es necesario realizar mayores esfuerzos para consolidar y reforzar el mercado \u00fanico:<u><\/u><u><\/u><\/span><\/p>\n<p><u><\/u><span lang=\"ES\">\u00b7\u00a0\u00a0\u00a0\u00a0\u00a0\u00a0\u00a0\u00a0\u00a0<\/span><u><\/u><strong><span lang=\"ES\">Adoptar r\u00e1pidamente las propuestas que est\u00e1n sobre la mesa:<\/span><\/strong><span lang=\"ES\">\u00a0la Comisi\u00f3n ha presentado sesenta y siete propuestas directamente pertinentes para el funcionamiento correcto del mercado \u00fanico, de las cuales cuarenta y cuatro est\u00e1n pendientes de aprobaci\u00f3n. La Comisi\u00f3n pide al Parlamento Europeo y al Consejo que adopten las propuestas clave que se encuentran sobre la mesa antes de que finalice la actual legislatura. Entre ellas destacan propuestas pertinentes para incorporar la digitalizaci\u00f3n y las nuevas tecnolog\u00edas en el n\u00facleo del mercado \u00fanico, garantizar energ\u00edas m\u00e1s seguras y sostenibles en Europa y construir la Uni\u00f3n de los Mercados de Capitales [v\u00e9ase la ficha informativa<\/span><a href=\"https:\/\/ec.europa.eu\/commission\/publications\/overview-single-market-initiatives_en\" target=\"_blank\" rel=\"noopener\" data-saferedirecturl=\"https:\/\/www.google.com\/url?q=https:\/\/ec.europa.eu\/commission\/publications\/overview-single-market-initiatives_en&amp;source=gmail&amp;ust=1542979547665000&amp;usg=AFQjCNHHez2KhQwvjsMbkUyIo-DsGWIRqA\"><span lang=\"ES\">Overview of initiatives<\/span><\/a><span lang=\"ES\">\u00a0(resumen de las iniciativas)].<u><\/u><u><\/u><\/span><\/p>\n<p><u><\/u><span lang=\"ES\">\u00b7\u00a0\u00a0\u00a0\u00a0\u00a0\u00a0\u00a0\u00a0\u00a0<\/span><u><\/u><strong><span lang=\"ES\">Garantizar que las normas se ponen en pr\u00e1ctica:<\/span><\/strong><span lang=\"ES\">\u00a0la \u00fanica manera en que los ciudadanos y las empresas pueden disfrutar de las numerosas ventajas del mercado \u00fanico [v\u00e9ase la ficha informativa\u00a0<\/span><a href=\"https:\/\/ec.europa.eu\/commission\/publications\/single-market-europes-best-asset-changing-world_en\" target=\"_blank\" rel=\"noopener\" data-saferedirecturl=\"https:\/\/www.google.com\/url?q=https:\/\/ec.europa.eu\/commission\/publications\/single-market-europes-best-asset-changing-world_en&amp;source=gmail&amp;ust=1542979547665000&amp;usg=AFQjCNHPIcGvzR_vCiDZ1tyJL8fThF4A4A\"><span lang=\"ES\">the Single Market<\/span><\/a><span lang=\"ES\">\u00a0(el mercado \u00fanico)] es que las normas acordadas por decisi\u00f3n conjunta funcionen realmente sobre el terreno. La Comisi\u00f3n insta a los Estados miembros a tener mucho cuidado al ejecutar, aplicar y hacer cumplir las normas de la UE, para evitar la creaci\u00f3n de nuevos obst\u00e1culos. Por su parte, la Comisi\u00f3n continuar\u00e1 garantizando el respeto de las normas de la UE en todos los \u00e1mbitos, desde las<\/span><a href=\"http:\/\/europa.eu\/rapid\/press-release_IP-18-3450_en.htm\" target=\"_blank\" rel=\"noopener\" data-saferedirecturl=\"https:\/\/www.google.com\/url?q=http:\/\/europa.eu\/rapid\/press-release_IP-18-3450_en.htm&amp;source=gmail&amp;ust=1542979547665000&amp;usg=AFQjCNFSRetyJVucvGwEqzjbO9IFJKsuGg\"><span lang=\"ES\">emisiones de autom\u00f3viles<\/span><\/a><span lang=\"ES\">\u00a0al\u00a0<\/span><a href=\"http:\/\/europa.eu\/rapid\/press-release_IP-17-1261_en.htm\" target=\"_blank\" rel=\"noopener\" data-saferedirecturl=\"https:\/\/www.google.com\/url?q=http:\/\/europa.eu\/rapid\/press-release_IP-17-1261_en.htm&amp;source=gmail&amp;ust=1542979547665000&amp;usg=AFQjCNG1-BqnGyrfgozg3Gfo-0J4AzBRxw\"><span lang=\"ES\">comercio electr\u00f3nico<\/span><\/a><span lang=\"ES\">, desde las\u00a0<\/span><a href=\"http:\/\/europa.eu\/rapid\/press-release_IP-18-761_en.htm\" target=\"_blank\" rel=\"noopener\" data-saferedirecturl=\"https:\/\/www.google.com\/url?q=http:\/\/europa.eu\/rapid\/press-release_IP-18-761_en.htm&amp;source=gmail&amp;ust=1542979547665000&amp;usg=AFQjCNEMsW1WD1gYLc2kyhVETN_fw2QREg\"><span lang=\"ES\">redes sociales<\/span><\/a><span lang=\"ES\">\u00a0al<\/span><a href=\"http:\/\/europa.eu\/rapid\/press-release_IP-16-3646_en.htm\" target=\"_blank\" rel=\"noopener\" data-saferedirecturl=\"https:\/\/www.google.com\/url?q=http:\/\/europa.eu\/rapid\/press-release_IP-16-3646_en.htm&amp;source=gmail&amp;ust=1542979547665000&amp;usg=AFQjCNF2rVAW6JohJ3J0R_RzG0nucxA4NA\"><span lang=\"ES\">sector servicios<\/span><\/a><span lang=\"ES\">, y otros muchos.<u><\/u><u><\/u><\/span><\/p>\n<p><u><\/u><span lang=\"ES\">\u00b7\u00a0\u00a0\u00a0\u00a0\u00a0\u00a0\u00a0\u00a0\u00a0<\/span><u><\/u><strong><span lang=\"ES\">Continuar adaptando el mercado \u00fanico:<\/span><\/strong><span lang=\"ES\">\u00a0Ante un crecimiento que se ralentiza gradualmente a nivel mundial y un contexto geopol\u00edtico cambiante, la UE necesita mostrar liderazgo y valent\u00eda pol\u00edtica para hacer que el mercado \u00fanico pase a otro nivel. Existe un gran potencial para lograr una mayor integraci\u00f3n econ\u00f3mica en los \u00e1mbitos de los servicios, los productos, los impuestos y las industrias en red, gracias a la cual la Uni\u00f3n resultar\u00e1 todav\u00eda m\u00e1s atractiva para los socios comerciales internacionales y se incrementar\u00e1 su influencia a nivel internacional.<u><\/u><u><\/u><\/span><\/p>\n<p><span lang=\"ES\">Con esta Comunicaci\u00f3n, la Comisi\u00f3n aporta su primera respuesta a la invitaci\u00f3n, cursada por el Consejo Europeo en marzo, a presentar un informe de la situaci\u00f3n del mercado \u00fanico y una evaluaci\u00f3n de los obst\u00e1culos restantes y de las oportunidades para lograr un mercado \u00fanico plenamente operativo. Tambi\u00e9n invita al Consejo Europeo a que sus dirigentes dediquen un debate en profundidad a todas las dimensiones del mercado \u00fanico, con el fin de detectar prioridades comunes de actuaci\u00f3n y mecanismos adecuados para conseguir el nuevo compromiso pol\u00edtico que tanto se necesita mediante acciones concretas en todos los niveles de gobernanza.<u><\/u><u><\/u><\/span><\/p>\n<p><span lang=\"ES\">La Comisi\u00f3n tambi\u00e9n ha presentado hoy un\u00a0<\/span><a href=\"http:\/\/europa.eu\/rapid\/press-release_IP-18-6491_en.htm\" target=\"_blank\" rel=\"noopener\" data-saferedirecturl=\"https:\/\/www.google.com\/url?q=http:\/\/europa.eu\/rapid\/press-release_IP-18-6491_en.htm&amp;source=gmail&amp;ust=1542979547665000&amp;usg=AFQjCNHCG_ldDgkAgX34ZDk58JqE4m-nqQ\"><span lang=\"ES\">Plan de acci\u00f3n para la normalizaci\u00f3n<\/span><\/a><span lang=\"ES\">, que incluye cuatro acciones clave para aumentar la eficiencia, transparencia y seguridad jur\u00eddica del sistema.<u><\/u><u><\/u><\/span><\/p>\n<p><span lang=\"ES\">La eliminaci\u00f3n de los cuellos de botella con vistas a estimular la inversi\u00f3n en el mercado \u00fanico es otro de los elementos centrales del Plan de Inversiones de la Comisi\u00f3n, tambi\u00e9n conocido como \u00abPlan Juncker\u00bb. De ah\u00ed que esta Comunicaci\u00f3n sobre el mercado \u00fanico sirva de complemento a la que hace balance de los logros del Plan Juncker, publicada tambi\u00e9n hoy.<u><\/u><u><\/u><\/span><\/p>\n<h3><span lang=\"ES\">Antecedentes<\/span><u><\/u><u><\/u><\/h3>\n<p><span lang=\"ES\">El mercado \u00fanico permite a los europeos viajar libremente, estudiar, trabajar, vivir y enamorarse m\u00e1s all\u00e1 de las fronteras. Pueden disfrutar de una gran variedad de productos (tanto adquiridos en su pa\u00eds como en el extranjero) y beneficiarse de precios mejores, as\u00ed como de unos niveles elevados de protecci\u00f3n medioambiental, social y de los consumidores. Las empresas europeas, tanto peque\u00f1as como grandes, pueden ampliar su clientela e intercambiar productos y servicios con mayor facilidad en toda la Uni\u00f3n. En pocas palabras, el mercado \u00fanico es la mejor baza que tiene Europa para generar crecimiento y estimular la competitividad de las empresas europeas en los mercados globalizados.<u><\/u><u><\/u><\/span><\/p>\n<p><span lang=\"ES\">Con la\u00a0<\/span><a href=\"http:\/\/europa.eu\/rapid\/press-release_IP-15-5909_en.htm?locale=en\" target=\"_blank\" rel=\"noopener\" data-saferedirecturl=\"https:\/\/www.google.com\/url?q=http:\/\/europa.eu\/rapid\/press-release_IP-15-5909_en.htm?locale%3Den&amp;source=gmail&amp;ust=1542979547665000&amp;usg=AFQjCNEWjaf4YwpRqgS_xthnXNGiHcbJjQ\"><span lang=\"ES\">Estrategia para el Mercado \u00danico<\/span><\/a><span lang=\"ES\">, la\u00a0<\/span><a href=\"https:\/\/ec.europa.eu\/info\/publications\/180308-communication-cmu_en\" target=\"_blank\" rel=\"noopener\" data-saferedirecturl=\"https:\/\/www.google.com\/url?q=https:\/\/ec.europa.eu\/info\/publications\/180308-communication-cmu_en&amp;source=gmail&amp;ust=1542979547665000&amp;usg=AFQjCNEtjHwrMpjrbeV2d6Jmp-5jiRdxVw\"><span lang=\"ES\">Uni\u00f3n de Mercados de Capitales<\/span><\/a><span lang=\"ES\">\u00a0y la<\/span><a href=\"http:\/\/europa.eu\/rapid\/press-release_IP-15-4919_en.htm\" target=\"_blank\" rel=\"noopener\" data-saferedirecturl=\"https:\/\/www.google.com\/url?q=http:\/\/europa.eu\/rapid\/press-release_IP-15-4919_en.htm&amp;source=gmail&amp;ust=1542979547665000&amp;usg=AFQjCNH7boOwIqfnRffYssYoCsR4caZEyg\"><span lang=\"ES\">Estrategia para el Mercado \u00danico Digital<\/span><\/a><span lang=\"ES\">, la Comisi\u00f3n ha presentado durante los \u00faltimos cuatro a\u00f1os un conjunto ambicioso y equilibrado de medidas para consolidar el mercado \u00fanico y hacer que sea m\u00e1s justo. Se han adoptado ya varias medidas, pero el Parlamento Europeo y el Consejo todav\u00eda deben alcanzar un acuerdo sobre cuarenta y cuatro de las sesenta y siete propuestas incluidas en estas estrategias. La Comisi\u00f3n ha presentado tambi\u00e9n propuestas importantes y prospectivas de construir una\u00a0<\/span><a href=\"https:\/\/ec.europa.eu\/info\/business-economy-euro\/banking-and-finance\/banking-union\/what-banking-union_en\" target=\"_blank\" rel=\"noopener\" data-saferedirecturl=\"https:\/\/www.google.com\/url?q=https:\/\/ec.europa.eu\/info\/business-economy-euro\/banking-and-finance\/banking-union\/what-banking-union_en&amp;source=gmail&amp;ust=1542979547665000&amp;usg=AFQjCNFyqyGslJB7Wd5vXJ1NqibOoXltAA\"><span lang=\"ES\">Uni\u00f3n Bancaria<\/span><\/a><span lang=\"ES\">\u00a0en Europa, as\u00ed como de potenciar la econom\u00eda circular, la energ\u00eda, el transporte y el clima, que consolidar\u00e1n el mercado \u00fanico y fomentar\u00e1n el desarrollo sostenible. Para garantizar que el mercado \u00fanico siga siendo justo, la Comisi\u00f3n ha propuesto salvaguardias en los \u00e1mbitos del empleo, los impuestos, el Derecho de sociedades y la protecci\u00f3n de los consumidores.<u><\/u><u><\/u><\/span><\/p>\n<p><span lang=\"ES\">Para el pr\u00f3ximo presupuesto a largo plazo de la Uni\u00f3n (2021-2027), la Comisi\u00f3n ha propuesto\u00a0<\/span><a href=\"http:\/\/europa.eu\/rapid\/press-release_IP-18-4049_en.htm\" target=\"_blank\" rel=\"noopener\" data-saferedirecturl=\"https:\/\/www.google.com\/url?q=http:\/\/europa.eu\/rapid\/press-release_IP-18-4049_en.htm&amp;source=gmail&amp;ust=1542979547665000&amp;usg=AFQjCNFEK56qrsGnsyfAtTyHimKwhiakZQ\"><span lang=\"ES\">un nuevo programa de mercado \u00fanico de 4\u00a0000 millones de euros<\/span><\/a><span lang=\"ES\">especialmente dedicado a empoderar y proteger a los consumidores y permitir que las numerosas peque\u00f1as y medianas empresas (pymes) europeas aprovechen plenamente un mercado \u00fanico que funcione adecuadamente.<u><\/u><u><\/u><\/span><\/p>\n<h3><span lang=\"ES\">M\u00e1s informaci\u00f3n<\/span><u><\/u><u><\/u><\/h3>\n<p><a href=\"https:\/\/ec.europa.eu\/commission\/publications\/single-market-europes-best-asset-changing-world_en\" target=\"_blank\" rel=\"noopener\" data-saferedirecturl=\"https:\/\/www.google.com\/url?q=https:\/\/ec.europa.eu\/commission\/publications\/single-market-europes-best-asset-changing-world_en&amp;source=gmail&amp;ust=1542979547665000&amp;usg=AFQjCNHPIcGvzR_vCiDZ1tyJL8fThF4A4A\"><span lang=\"ES\">Ficha informativa \u00abSingle Market: Europe&#8217;s best asset in a changing world\u00bb (el mercado \u00fanico: la mejor baza de Europa en un mundo cambiante).<\/span><\/a><u><\/u><u><\/u><\/p>\n<p><a href=\"https:\/\/ec.europa.eu\/commission\/publications\/overview-single-market-initiatives_en\" target=\"_blank\" rel=\"noopener\" data-saferedirecturl=\"https:\/\/www.google.com\/url?q=https:\/\/ec.europa.eu\/commission\/publications\/overview-single-market-initiatives_en&amp;source=gmail&amp;ust=1542979547665000&amp;usg=AFQjCNHHez2KhQwvjsMbkUyIo-DsGWIRqA\"><span lang=\"ES\">Ficha informativa \u00abOverview of Single Market initiatives\u00bb (resumen de las iniciativas del mercado \u00fanico).<\/span><\/a><u><\/u><u><\/u><\/p>\n<p><a href=\"https:\/\/ec.europa.eu\/docsroom\/documents\/32614\" target=\"_blank\" rel=\"noopener\" data-saferedirecturl=\"https:\/\/www.google.com\/url?q=https:\/\/ec.europa.eu\/docsroom\/documents\/32614&amp;source=gmail&amp;ust=1542979547665000&amp;usg=AFQjCNHCFaHatW4PmUhuGKQahi_Tk3pAfw\"><span lang=\"ES\">Comunicaci\u00f3n \u00abSingle Market: Europe&#8217;s best asset in a changing world\u00bb (el mercado \u00fanico: la mejor baza de Europa en un mundo cambiante).<\/span><\/a><u><\/u><u><\/u><\/p>\n<p><a href=\"http:\/\/europa.eu\/rapid\/press-release_IP-18-6491_en.htm\" target=\"_blank\" rel=\"noopener\" data-saferedirecturl=\"https:\/\/www.google.com\/url?q=http:\/\/europa.eu\/rapid\/press-release_IP-18-6491_en.htm&amp;source=gmail&amp;ust=1542979547665000&amp;usg=AFQjCNHCG_ldDgkAgX34ZDk58JqE4m-nqQ\"><span lang=\"ES\">Comunicado de prensa sobre la normalizaci\u00f3n.<\/span><\/a><u><\/u><u><\/u><\/p>\n<p><a href=\"https:\/\/ec.europa.eu\/digital-single-market\/en\/news\/digital-single-market-benefit-all-europeans\" target=\"_blank\" rel=\"noopener\" data-saferedirecturl=\"https:\/\/www.google.com\/url?q=https:\/\/ec.europa.eu\/digital-single-market\/en\/news\/digital-single-market-benefit-all-europeans&amp;source=gmail&amp;ust=1542979547665000&amp;usg=AFQjCNGtn71uGNZznawEL_sNjJS4zCw4KA\"><span lang=\"ES\">Ficha informativa \u00abDigital Single Market\u00bb (el mercado \u00fanico digital).<\/span><\/a><u><\/u><u><\/u><\/p>\n<p><a href=\"http:\/\/europa.eu\/rapid\/press-release_STATEMENT-18-2221_en.htm\" target=\"_blank\" rel=\"noopener\" data-saferedirecturl=\"https:\/\/www.google.com\/url?q=http:\/\/europa.eu\/rapid\/press-release_STATEMENT-18-2221_en.htm&amp;source=gmail&amp;ust=1542979547665000&amp;usg=AFQjCNFAjbwkV2UQiJXTLYU0ODu_ZGCVsg\"><span lang=\"ES\">Declaraci\u00f3n conjunta con ocasi\u00f3n del 25.\u00ba aniversario del Mercado \u00danico Europeo.<\/span><\/a><\/p>\n","protected":false},"excerpt":{"rendered":"<p>La Comisi\u00f3n Europea presenta hoy una nueva evaluaci\u00f3n de la situaci\u00f3n del mercado \u00fanico e insta a los Estados miembros a que renueven su compromiso pol\u00edtico con \u00e9l. &nbsp; Durante los \u00faltimos veinticinco a\u00f1os, el mercado \u00fanico ha hecho de Europa uno de los lugares m\u00e1s atractivos para vivir y hacer negocios, y sus cuatro [&hellip;]<\/p>\n","protected":false},"author":1,"featured_media":10085,"comment_status":"open","ping_status":"open","sticky":false,"template":"","format":"standard","meta":{"_acf_changed":false,"_relevanssi_hide_post":"","_relevanssi_hide_content":"","_relevanssi_pin_for_all":"","_relevanssi_pin_keywords":"","_relevanssi_unpin_keywords":"","_relevanssi_related_keywords":"","_relevanssi_related_include_ids":"","_relevanssi_related_exclude_ids":"","_relevanssi_related_no_append":"","_relevanssi_related_not_related":"","_relevanssi_related_posts":"","_relevanssi_noindex_reason":"","_monsterinsights_skip_tracking":false,"_monsterinsights_sitenote_active":false,"_monsterinsights_sitenote_note":"","_monsterinsights_sitenote_category":0,"_genesis_hide_title":false,"_genesis_hide_breadcrumbs":false,"_genesis_hide_singular_image":false,"_genesis_hide_footer_widgets":false,"_genesis_custom_body_class":"","_genesis_custom_post_class":"","_genesis_layout":"","footnotes":""},"categories":[96],"tags":[126],"class_list":{"0":"post-10084","1":"post","2":"type-post","3":"status-publish","4":"format-standard","5":"has-post-thumbnail","7":"category-noticias-ue","8":"tag-competitividad-empresa","9":"entry"},"acf":[],"yoast_head":"<!-- This site is optimized with the Yoast SEO plugin v27.5 - https:\/\/yoast.com\/product\/yoast-seo-wordpress\/ -->\n<title>El mercado \u00fanico: la mejor baza de Europa en un mundo cambiante | CDE Almer\u00eda - Centro de Documentaci\u00f3n Europea - Universidad de Almer\u00eda<\/title>\n<meta name=\"robots\" content=\"index, follow, max-snippet:-1, max-image-preview:large, max-video-preview:-1\" \/>\n<link rel=\"canonical\" href=\"https:\/\/www.cde.ual.es\/el-mercado-unico-la-mejor-baza-de-europa-en-un-mundo-cambiante\/\" \/>\n<meta property=\"og:locale\" content=\"en_US\" \/>\n<meta property=\"og:type\" content=\"article\" \/>\n<meta property=\"og:title\" content=\"El mercado \u00fanico: la mejor baza de Europa en un mundo cambiante | CDE Almer\u00eda - Centro de Documentaci\u00f3n Europea - Universidad de Almer\u00eda\" \/>\n<meta property=\"og:description\" content=\"La Comisi\u00f3n Europea presenta hoy una nueva evaluaci\u00f3n de la situaci\u00f3n del mercado \u00fanico e insta a los Estados miembros a que renueven su compromiso pol\u00edtico con \u00e9l. &nbsp; Durante los \u00faltimos veinticinco a\u00f1os, el mercado \u00fanico ha hecho de Europa uno de los lugares m\u00e1s atractivos para vivir y hacer negocios, y sus cuatro [&hellip;]\" \/>\n<meta property=\"og:url\" content=\"https:\/\/www.cde.ual.es\/el-mercado-unico-la-mejor-baza-de-europa-en-un-mundo-cambiante\/\" \/>\n<meta property=\"og:site_name\" content=\"CDE Almer\u00eda - Centro de Documentaci\u00f3n Europea - Universidad de Almer\u00eda\" \/>\n<meta property=\"article:publisher\" content=\"https:\/\/www.facebook.com\/cdeuniversidadalmeria\/\" \/>\n<meta property=\"article:published_time\" content=\"2018-11-23T07:10:58+00:00\" \/>\n<meta property=\"article:modified_time\" content=\"2018-11-23T12:48:17+00:00\" \/>\n<meta property=\"og:image\" content=\"https:\/\/www.cde.ual.es\/wp-content\/uploads\/2018\/11\/Mercado-Unico.png\" \/>\n\t<meta property=\"og:image:width\" content=\"831\" \/>\n\t<meta property=\"og:image:height\" content=\"513\" \/>\n\t<meta property=\"og:image:type\" content=\"image\/png\" \/>\n<meta name=\"author\" content=\"AdminCDE\" \/>\n<meta name=\"twitter:card\" content=\"summary_large_image\" \/>\n<meta name=\"twitter:creator\" content=\"@cdeualmeria\" \/>\n<meta name=\"twitter:site\" content=\"@cdeualmeria\" \/>\n<meta name=\"twitter:label1\" content=\"Written by\" \/>\n\t<meta name=\"twitter:data1\" content=\"AdminCDE\" \/>\n\t<meta name=\"twitter:label2\" content=\"Est. reading time\" \/>\n\t<meta name=\"twitter:data2\" content=\"7 minutes\" \/>\n<script type=\"application\/ld+json\" class=\"yoast-schema-graph\">{\"@context\":\"https:\\\/\\\/schema.org\",\"@graph\":[{\"@type\":\"Article\",\"@id\":\"https:\\\/\\\/www.cde.ual.es\\\/el-mercado-unico-la-mejor-baza-de-europa-en-un-mundo-cambiante\\\/#article\",\"isPartOf\":{\"@id\":\"https:\\\/\\\/www.cde.ual.es\\\/el-mercado-unico-la-mejor-baza-de-europa-en-un-mundo-cambiante\\\/\"},\"author\":{\"name\":\"AdminCDE\",\"@id\":\"https:\\\/\\\/www.cde.ual.es\\\/#\\\/schema\\\/person\\\/224ef08c8bcc005f319d2713ce37ee5f\"},\"headline\":\"El mercado \u00fanico: la mejor baza de Europa en un mundo cambiante\",\"datePublished\":\"2018-11-23T07:10:58+00:00\",\"dateModified\":\"2018-11-23T12:48:17+00:00\",\"mainEntityOfPage\":{\"@id\":\"https:\\\/\\\/www.cde.ual.es\\\/el-mercado-unico-la-mejor-baza-de-europa-en-un-mundo-cambiante\\\/\"},\"wordCount\":1427,\"commentCount\":0,\"publisher\":{\"@id\":\"https:\\\/\\\/www.cde.ual.es\\\/#organization\"},\"image\":{\"@id\":\"https:\\\/\\\/www.cde.ual.es\\\/el-mercado-unico-la-mejor-baza-de-europa-en-un-mundo-cambiante\\\/#primaryimage\"},\"thumbnailUrl\":\"https:\\\/\\\/www.cde.ual.es\\\/wp-content\\\/uploads\\\/2018\\\/11\\\/Mercado-Unico.png\",\"keywords\":[\"Mercado en la Uni\u00f3n Europea\"],\"articleSection\":[\"Noticias UE\"],\"inLanguage\":\"en-US\",\"potentialAction\":[{\"@type\":\"CommentAction\",\"name\":\"Comment\",\"target\":[\"https:\\\/\\\/www.cde.ual.es\\\/el-mercado-unico-la-mejor-baza-de-europa-en-un-mundo-cambiante\\\/#respond\"]}]},{\"@type\":\"WebPage\",\"@id\":\"https:\\\/\\\/www.cde.ual.es\\\/el-mercado-unico-la-mejor-baza-de-europa-en-un-mundo-cambiante\\\/\",\"url\":\"https:\\\/\\\/www.cde.ual.es\\\/el-mercado-unico-la-mejor-baza-de-europa-en-un-mundo-cambiante\\\/\",\"name\":\"El mercado \u00fanico: la mejor baza de Europa en un mundo cambiante | CDE Almer\u00eda - Centro de Documentaci\u00f3n Europea - Universidad de Almer\u00eda\",\"isPartOf\":{\"@id\":\"https:\\\/\\\/www.cde.ual.es\\\/#website\"},\"primaryImageOfPage\":{\"@id\":\"https:\\\/\\\/www.cde.ual.es\\\/el-mercado-unico-la-mejor-baza-de-europa-en-un-mundo-cambiante\\\/#primaryimage\"},\"image\":{\"@id\":\"https:\\\/\\\/www.cde.ual.es\\\/el-mercado-unico-la-mejor-baza-de-europa-en-un-mundo-cambiante\\\/#primaryimage\"},\"thumbnailUrl\":\"https:\\\/\\\/www.cde.ual.es\\\/wp-content\\\/uploads\\\/2018\\\/11\\\/Mercado-Unico.png\",\"datePublished\":\"2018-11-23T07:10:58+00:00\",\"dateModified\":\"2018-11-23T12:48:17+00:00\",\"breadcrumb\":{\"@id\":\"https:\\\/\\\/www.cde.ual.es\\\/el-mercado-unico-la-mejor-baza-de-europa-en-un-mundo-cambiante\\\/#breadcrumb\"},\"inLanguage\":\"en-US\",\"potentialAction\":[{\"@type\":\"ReadAction\",\"target\":[\"https:\\\/\\\/www.cde.ual.es\\\/el-mercado-unico-la-mejor-baza-de-europa-en-un-mundo-cambiante\\\/\"]}]},{\"@type\":\"ImageObject\",\"inLanguage\":\"en-US\",\"@id\":\"https:\\\/\\\/www.cde.ual.es\\\/el-mercado-unico-la-mejor-baza-de-europa-en-un-mundo-cambiante\\\/#primaryimage\",\"url\":\"https:\\\/\\\/www.cde.ual.es\\\/wp-content\\\/uploads\\\/2018\\\/11\\\/Mercado-Unico.png\",\"contentUrl\":\"https:\\\/\\\/www.cde.ual.es\\\/wp-content\\\/uploads\\\/2018\\\/11\\\/Mercado-Unico.png\",\"width\":831,\"height\":513,\"caption\":\"bandera UE\"},{\"@type\":\"BreadcrumbList\",\"@id\":\"https:\\\/\\\/www.cde.ual.es\\\/el-mercado-unico-la-mejor-baza-de-europa-en-un-mundo-cambiante\\\/#breadcrumb\",\"itemListElement\":[{\"@type\":\"ListItem\",\"position\":1,\"name\":\"Inicio\",\"item\":\"https:\\\/\\\/www.cde.ual.es\\\/en\\\/\"},{\"@type\":\"ListItem\",\"position\":2,\"name\":\"Noticias UE\",\"item\":\"https:\\\/\\\/www.cde.ual.es\\\/category\\\/noticias-ue\\\/\"},{\"@type\":\"ListItem\",\"position\":3,\"name\":\"El mercado \u00fanico: la mejor baza de Europa en un mundo cambiante\"}]},{\"@type\":\"WebSite\",\"@id\":\"https:\\\/\\\/www.cde.ual.es\\\/#website\",\"url\":\"https:\\\/\\\/www.cde.ual.es\\\/\",\"name\":\"CDE Almer\u00eda - Centro de Documentaci\u00f3n Europea - Universidad de Almer\u00eda\",\"description\":\"Centro de Documentaci\u00f3n Europea de la Universidad de Almer\u00eda\",\"publisher\":{\"@id\":\"https:\\\/\\\/www.cde.ual.es\\\/#organization\"},\"alternateName\":\"CDE Almer\u00eda\",\"potentialAction\":[{\"@type\":\"SearchAction\",\"target\":{\"@type\":\"EntryPoint\",\"urlTemplate\":\"https:\\\/\\\/www.cde.ual.es\\\/?s={search_term_string}\"},\"query-input\":{\"@type\":\"PropertyValueSpecification\",\"valueRequired\":true,\"valueName\":\"search_term_string\"}}],\"inLanguage\":\"en-US\"},{\"@type\":\"Organization\",\"@id\":\"https:\\\/\\\/www.cde.ual.es\\\/#organization\",\"name\":\"Centro de Documentaci\u00f3n Europea de Almer\u00eda\",\"url\":\"https:\\\/\\\/www.cde.ual.es\\\/\",\"logo\":{\"@type\":\"ImageObject\",\"inLanguage\":\"en-US\",\"@id\":\"https:\\\/\\\/www.cde.ual.es\\\/#\\\/schema\\\/logo\\\/image\\\/\",\"url\":\"https:\\\/\\\/www.cde.ual.es\\\/wp-content\\\/uploads\\\/2025\\\/07\\\/cde-logo-3.png\",\"contentUrl\":\"https:\\\/\\\/www.cde.ual.es\\\/wp-content\\\/uploads\\\/2025\\\/07\\\/cde-logo-3.png\",\"width\":1400,\"height\":300,\"caption\":\"Centro de Documentaci\u00f3n Europea de Almer\u00eda\"},\"image\":{\"@id\":\"https:\\\/\\\/www.cde.ual.es\\\/#\\\/schema\\\/logo\\\/image\\\/\"},\"sameAs\":[\"https:\\\/\\\/www.facebook.com\\\/cdeuniversidadalmeria\\\/\",\"https:\\\/\\\/x.com\\\/cdeualmeria\",\"https:\\\/\\\/www.tiktok.com\\\/@cdealmeria\",\"https:\\\/\\\/www.instagram.com\\\/cdealmeria\\\/\",\"https:\\\/\\\/www.linkedin.com\\\/in\\\/cde-almera-812b26a9\\\/\"]},{\"@type\":\"Person\",\"@id\":\"https:\\\/\\\/www.cde.ual.es\\\/#\\\/schema\\\/person\\\/224ef08c8bcc005f319d2713ce37ee5f\",\"name\":\"AdminCDE\",\"image\":{\"@type\":\"ImageObject\",\"inLanguage\":\"en-US\",\"@id\":\"https:\\\/\\\/secure.gravatar.com\\\/avatar\\\/a72d038d371f995cd13706fac32274b7952a52e8fb0a84b5f80c85426f2a98a8?s=96&d=mm&r=g\",\"url\":\"https:\\\/\\\/secure.gravatar.com\\\/avatar\\\/a72d038d371f995cd13706fac32274b7952a52e8fb0a84b5f80c85426f2a98a8?s=96&d=mm&r=g\",\"contentUrl\":\"https:\\\/\\\/secure.gravatar.com\\\/avatar\\\/a72d038d371f995cd13706fac32274b7952a52e8fb0a84b5f80c85426f2a98a8?s=96&d=mm&r=g\",\"caption\":\"AdminCDE\"}}]}<\/script>\n<!-- \/ Yoast SEO plugin. -->","yoast_head_json":{"title":"El mercado \u00fanico: la mejor baza de Europa en un mundo cambiante | CDE Almer\u00eda - Centro de Documentaci\u00f3n Europea - Universidad de Almer\u00eda","robots":{"index":"index","follow":"follow","max-snippet":"max-snippet:-1","max-image-preview":"max-image-preview:large","max-video-preview":"max-video-preview:-1"},"canonical":"https:\/\/www.cde.ual.es\/el-mercado-unico-la-mejor-baza-de-europa-en-un-mundo-cambiante\/","og_locale":"en_US","og_type":"article","og_title":"El mercado \u00fanico: la mejor baza de Europa en un mundo cambiante | CDE Almer\u00eda - Centro de Documentaci\u00f3n Europea - Universidad de Almer\u00eda","og_description":"La Comisi\u00f3n Europea presenta hoy una nueva evaluaci\u00f3n de la situaci\u00f3n del mercado \u00fanico e insta a los Estados miembros a que renueven su compromiso pol\u00edtico con \u00e9l. &nbsp; Durante los \u00faltimos veinticinco a\u00f1os, el mercado \u00fanico ha hecho de Europa uno de los lugares m\u00e1s atractivos para vivir y hacer negocios, y sus cuatro [&hellip;]","og_url":"https:\/\/www.cde.ual.es\/el-mercado-unico-la-mejor-baza-de-europa-en-un-mundo-cambiante\/","og_site_name":"CDE Almer\u00eda - Centro de Documentaci\u00f3n Europea - Universidad de Almer\u00eda","article_publisher":"https:\/\/www.facebook.com\/cdeuniversidadalmeria\/","article_published_time":"2018-11-23T07:10:58+00:00","article_modified_time":"2018-11-23T12:48:17+00:00","og_image":[{"width":831,"height":513,"url":"https:\/\/www.cde.ual.es\/wp-content\/uploads\/2018\/11\/Mercado-Unico.png","type":"image\/png"}],"author":"AdminCDE","twitter_card":"summary_large_image","twitter_creator":"@cdeualmeria","twitter_site":"@cdeualmeria","twitter_misc":{"Written by":"AdminCDE","Est. reading time":"7 minutes"},"schema":{"@context":"https:\/\/schema.org","@graph":[{"@type":"Article","@id":"https:\/\/www.cde.ual.es\/el-mercado-unico-la-mejor-baza-de-europa-en-un-mundo-cambiante\/#article","isPartOf":{"@id":"https:\/\/www.cde.ual.es\/el-mercado-unico-la-mejor-baza-de-europa-en-un-mundo-cambiante\/"},"author":{"name":"AdminCDE","@id":"https:\/\/www.cde.ual.es\/#\/schema\/person\/224ef08c8bcc005f319d2713ce37ee5f"},"headline":"El mercado \u00fanico: la mejor baza de Europa en un mundo cambiante","datePublished":"2018-11-23T07:10:58+00:00","dateModified":"2018-11-23T12:48:17+00:00","mainEntityOfPage":{"@id":"https:\/\/www.cde.ual.es\/el-mercado-unico-la-mejor-baza-de-europa-en-un-mundo-cambiante\/"},"wordCount":1427,"commentCount":0,"publisher":{"@id":"https:\/\/www.cde.ual.es\/#organization"},"image":{"@id":"https:\/\/www.cde.ual.es\/el-mercado-unico-la-mejor-baza-de-europa-en-un-mundo-cambiante\/#primaryimage"},"thumbnailUrl":"https:\/\/www.cde.ual.es\/wp-content\/uploads\/2018\/11\/Mercado-Unico.png","keywords":["Mercado en la Uni\u00f3n Europea"],"articleSection":["Noticias UE"],"inLanguage":"en-US","potentialAction":[{"@type":"CommentAction","name":"Comment","target":["https:\/\/www.cde.ual.es\/el-mercado-unico-la-mejor-baza-de-europa-en-un-mundo-cambiante\/#respond"]}]},{"@type":"WebPage","@id":"https:\/\/www.cde.ual.es\/el-mercado-unico-la-mejor-baza-de-europa-en-un-mundo-cambiante\/","url":"https:\/\/www.cde.ual.es\/el-mercado-unico-la-mejor-baza-de-europa-en-un-mundo-cambiante\/","name":"El mercado \u00fanico: la mejor baza de Europa en un mundo cambiante | CDE Almer\u00eda - Centro de Documentaci\u00f3n Europea - Universidad de Almer\u00eda","isPartOf":{"@id":"https:\/\/www.cde.ual.es\/#website"},"primaryImageOfPage":{"@id":"https:\/\/www.cde.ual.es\/el-mercado-unico-la-mejor-baza-de-europa-en-un-mundo-cambiante\/#primaryimage"},"image":{"@id":"https:\/\/www.cde.ual.es\/el-mercado-unico-la-mejor-baza-de-europa-en-un-mundo-cambiante\/#primaryimage"},"thumbnailUrl":"https:\/\/www.cde.ual.es\/wp-content\/uploads\/2018\/11\/Mercado-Unico.png","datePublished":"2018-11-23T07:10:58+00:00","dateModified":"2018-11-23T12:48:17+00:00","breadcrumb":{"@id":"https:\/\/www.cde.ual.es\/el-mercado-unico-la-mejor-baza-de-europa-en-un-mundo-cambiante\/#breadcrumb"},"inLanguage":"en-US","potentialAction":[{"@type":"ReadAction","target":["https:\/\/www.cde.ual.es\/el-mercado-unico-la-mejor-baza-de-europa-en-un-mundo-cambiante\/"]}]},{"@type":"ImageObject","inLanguage":"en-US","@id":"https:\/\/www.cde.ual.es\/el-mercado-unico-la-mejor-baza-de-europa-en-un-mundo-cambiante\/#primaryimage","url":"https:\/\/www.cde.ual.es\/wp-content\/uploads\/2018\/11\/Mercado-Unico.png","contentUrl":"https:\/\/www.cde.ual.es\/wp-content\/uploads\/2018\/11\/Mercado-Unico.png","width":831,"height":513,"caption":"bandera UE"},{"@type":"BreadcrumbList","@id":"https:\/\/www.cde.ual.es\/el-mercado-unico-la-mejor-baza-de-europa-en-un-mundo-cambiante\/#breadcrumb","itemListElement":[{"@type":"ListItem","position":1,"name":"Inicio","item":"https:\/\/www.cde.ual.es\/en\/"},{"@type":"ListItem","position":2,"name":"Noticias UE","item":"https:\/\/www.cde.ual.es\/category\/noticias-ue\/"},{"@type":"ListItem","position":3,"name":"El mercado \u00fanico: la mejor baza de Europa en un mundo cambiante"}]},{"@type":"WebSite","@id":"https:\/\/www.cde.ual.es\/#website","url":"https:\/\/www.cde.ual.es\/","name":"CDE Almer\u00eda - Centro de Documentaci\u00f3n Europea - Universidad de Almer\u00eda","description":"Centro de Documentaci\u00f3n Europea de la Universidad de Almer\u00eda","publisher":{"@id":"https:\/\/www.cde.ual.es\/#organization"},"alternateName":"CDE Almer\u00eda","potentialAction":[{"@type":"SearchAction","target":{"@type":"EntryPoint","urlTemplate":"https:\/\/www.cde.ual.es\/?s={search_term_string}"},"query-input":{"@type":"PropertyValueSpecification","valueRequired":true,"valueName":"search_term_string"}}],"inLanguage":"en-US"},{"@type":"Organization","@id":"https:\/\/www.cde.ual.es\/#organization","name":"Centro de Documentaci\u00f3n Europea de Almer\u00eda","url":"https:\/\/www.cde.ual.es\/","logo":{"@type":"ImageObject","inLanguage":"en-US","@id":"https:\/\/www.cde.ual.es\/#\/schema\/logo\/image\/","url":"https:\/\/www.cde.ual.es\/wp-content\/uploads\/2025\/07\/cde-logo-3.png","contentUrl":"https:\/\/www.cde.ual.es\/wp-content\/uploads\/2025\/07\/cde-logo-3.png","width":1400,"height":300,"caption":"Centro de Documentaci\u00f3n Europea de Almer\u00eda"},"image":{"@id":"https:\/\/www.cde.ual.es\/#\/schema\/logo\/image\/"},"sameAs":["https:\/\/www.facebook.com\/cdeuniversidadalmeria\/","https:\/\/x.com\/cdeualmeria","https:\/\/www.tiktok.com\/@cdealmeria","https:\/\/www.instagram.com\/cdealmeria\/","https:\/\/www.linkedin.com\/in\/cde-almera-812b26a9\/"]},{"@type":"Person","@id":"https:\/\/www.cde.ual.es\/#\/schema\/person\/224ef08c8bcc005f319d2713ce37ee5f","name":"AdminCDE","image":{"@type":"ImageObject","inLanguage":"en-US","@id":"https:\/\/secure.gravatar.com\/avatar\/a72d038d371f995cd13706fac32274b7952a52e8fb0a84b5f80c85426f2a98a8?s=96&d=mm&r=g","url":"https:\/\/secure.gravatar.com\/avatar\/a72d038d371f995cd13706fac32274b7952a52e8fb0a84b5f80c85426f2a98a8?s=96&d=mm&r=g","contentUrl":"https:\/\/secure.gravatar.com\/avatar\/a72d038d371f995cd13706fac32274b7952a52e8fb0a84b5f80c85426f2a98a8?s=96&d=mm&r=g","caption":"AdminCDE"}}]}},"_links":{"self":[{"href":"https:\/\/www.cde.ual.es\/en\/wp-json\/wp\/v2\/posts\/10084","targetHints":{"allow":["GET"]}}],"collection":[{"href":"https:\/\/www.cde.ual.es\/en\/wp-json\/wp\/v2\/posts"}],"about":[{"href":"https:\/\/www.cde.ual.es\/en\/wp-json\/wp\/v2\/types\/post"}],"author":[{"embeddable":true,"href":"https:\/\/www.cde.ual.es\/en\/wp-json\/wp\/v2\/users\/1"}],"replies":[{"embeddable":true,"href":"https:\/\/www.cde.ual.es\/en\/wp-json\/wp\/v2\/comments?post=10084"}],"version-history":[{"count":0,"href":"https:\/\/www.cde.ual.es\/en\/wp-json\/wp\/v2\/posts\/10084\/revisions"}],"wp:featuredmedia":[{"embeddable":true,"href":"https:\/\/www.cde.ual.es\/en\/wp-json\/wp\/v2\/media\/10085"}],"wp:attachment":[{"href":"https:\/\/www.cde.ual.es\/en\/wp-json\/wp\/v2\/media?parent=10084"}],"wp:term":[{"taxonomy":"category","embeddable":true,"href":"https:\/\/www.cde.ual.es\/en\/wp-json\/wp\/v2\/categories?post=10084"},{"taxonomy":"post_tag","embeddable":true,"href":"https:\/\/www.cde.ual.es\/en\/wp-json\/wp\/v2\/tags?post=10084"}],"curies":[{"name":"wp","href":"https:\/\/api.w.org\/{rel}","templated":true}]}}