{"id":100443,"date":"2022-03-25T08:39:57","date_gmt":"2022-03-25T07:39:57","guid":{"rendered":"https:\/\/www.cde.ual.es\/?p=100443"},"modified":"2022-03-25T08:42:06","modified_gmt":"2022-03-25T07:42:06","slug":"statement-by-nato-heads-of-state-and-government","status":"publish","type":"post","link":"https:\/\/www.cde.ual.es\/en\/statement-by-nato-heads-of-state-and-government\/","title":{"rendered":"Statement by NATO Heads of State and Government"},"content":{"rendered":"<h4 class=\"fs-huge\">Allies stand strong together in NATO in the face of the biggest security threat in a generation<\/h4>\n<p class=\"introtxt\">At an extraordinary Summit in Brussels today (24 March 2022), Allied leaders agreed to reset NATO\u2019s longer-term deterrence and defence posture across all domains, land, sea, air, cyber and space. This reflects the new security reality resulting from President Putin\u2019s brutal and unprovoked war on Ukraine.<\/p>\n<div class=\"box box-media box-media--stretched\"><img decoding=\"async\" class=\"aligncenter\" src=\"https:\/\/www.nato.int\/nato_static_fl2014\/assets\/pictures\/images_mfu\/2022\/3\/stock\/220324-nac-room.jpg\" width=\"503\" height=\"286\" \/><\/div>\n<div>\n<p>\u201cAt this dangerous time, transatlantic unity and solidarity are vital. Europe and North America are standing and will continue to stand strong together in NATO,\u201d Secretary General Jens Stoltenberg said following the meeting.<\/p>\n<p>Allies agreed to increase support for Ukraine, including on cyber security, and chemical, biological, radiological, and nuclear attacks. They will continue to impose unprecedented costs on Russia to bring about an end to the war in Ukraine. They also approved four new multinational NATO battlegroups, in Bulgaria, Hungary, Romania, and Slovakia.<\/p>\n<p>Today\u2019s discussions also addressed Belarus\u2019 support for the invasion and China\u2019s role in the crisis. \u201cBeijing should use its significant influence on Russia, and promote an immediate, peaceful resolution,\u201d Mr Stoltenberg added.<\/p>\n<ul class=\"list-arrowed list-arrowed--v2\">\n<li><span class=\"teaser-txt\"><a href=\"https:\/\/www.nato.int\/cps\/en\/natohq\/opinions_193613.htm\" target=\"_blank\" rel=\"noopener\">Read the Secretary General\u2019s full remarks<\/a><\/span><\/li>\n<\/ul>\n<\/div>\n<hr \/>\n<p><img decoding=\"async\" class=\"aligncenter\" src=\"https:\/\/www.nato.int\/nato_static_fl2014\/assets\/pictures\/images_mfu\/2022\/3\/stock\/220324-fam-photo_rdax_775x440s.jpg\" width=\"500\" height=\"284\" \/><\/p>\n<p>We, the Heads of State and Government of the 30 NATO Allies, have met today to address Russia\u2019s aggression against Ukraine, the gravest threat to Euro-Atlantic security in decades. \u00a0Russia\u2019s war against Ukraine has shattered peace in Europe and is causing enormous human suffering and destruction.<\/p>\n<p>We condemn Russia\u2019s invasion of Ukraine in the strongest possible terms. We call on President Putin to immediately stop this war and withdraw military forces from Ukraine, and call on Belarus to end its complicity, in line with the Aggression Against Ukraine Resolution adopted at the UN General Assembly of 2 March 2022. \u00a0Russia should comply with the 16 March ruling by the UN International Court of Justice and immediately suspend military operations. \u00a0Russia\u2019s attack on Ukraine threatens global security. Its assault on international norms makes the world less safe. President Putin\u2019s escalatory rhetoric is irresponsible and destabilizing.<\/p>\n<p>Ukrainians have inspired the world with heroic resistance to Russia\u2019s brutal war of conquest. \u00a0We strongly condemn Russia\u2019s devastating attacks on civilians, including women, children, and persons in vulnerable situations. We will work with the rest of the international community to hold accountable those responsible for violations of humanitarian and international law, including war crimes. We are deeply concerned about the increased risk of sexual violence and human trafficking. We urge Russia to allow rapid, safe, and unhindered humanitarian access and safe passage for civilians, and to allow for humanitarian aid to be delivered to Mariupol and other besieged cities. We also condemn attacks against civilian infrastructure, including those endangering nuclear power plants. We will continue to counter Russia\u2019s lies about its attack on Ukraine and expose fabricated narratives or manufactured \u201cfalse flag\u201d operations to prepare the ground for further escalation, including against the civilian population of Ukraine. \u00a0Any use by Russia of a chemical or biological weapon would be unacceptable and result in severe consequences.<\/p>\n<p>Russia needs to show it is serious about negotiations by immediately implementing a ceasefire. We call on Russia to engage constructively in credible negotiations with Ukraine to achieve concrete results, starting with a sustainable ceasefire and moving towards a complete withdrawal of its troops from Ukrainian territory. \u00a0Russia\u2019s continuing aggression while discussions are taking place is deplorable. \u00a0We support Ukraine\u2019s efforts to achieve peace, and those undertaken diplomatically by Allies to weigh in on Russia to end the war and relieve human suffering.<\/p>\n<p>We stand in full solidarity with President Zelenskyy, the government of Ukraine, and with the brave Ukrainian citizens who are defending their homeland. \u00a0We honour all those killed, injured, and displaced by Russia\u2019s aggression, as well as their families. We reaffirm our unwavering support for the independence, sovereignty, and territorial integrity of Ukraine within its internationally recognized borders extending to its territorial waters.<\/p>\n<p>Ukraine has a fundamental right to self-defence under the United Nations Charter. \u00a0 Since 2014, we have provided extensive support to Ukraine\u2019s ability to exercise that right. \u00a0We have trained Ukraine\u2019s armed forces, strengthening their military capabilities and capacities and enhancing their resilience. \u00a0NATO Allies have stepped up their support and will continue to provide further political and practical support to Ukraine as it continues to defend itself. \u00a0NATO Allies will also continue to provide assistance in such areas as cybersecurity and protection against threats of a chemical, biological, radiological, and nuclear nature. \u00a0NATO Allies also provide extensive humanitarian support and are hosting millions of refugees. \u00a0Foreign Ministers will discuss further our support to Ukraine when they meet in April.<\/p>\n<p>We are united in our resolve to counter Russia\u2019s attempts to destroy the foundations of international security and stability. We are holding Russia and Belarus to account. \u00a0Massive sanctions and heavy political costs have been imposed on Russia in order to bring an end to this war. We remain determined to maintain coordinated international pressure on Russia. We will continue to coordinate closely with relevant stakeholders and other international organizations, including the European Union. Transatlantic coordination remains crucial for an effective response to the current crisis.<\/p>\n<p>We call on all states, including the People\u2019s Republic of China (PRC), to uphold the international order including the principles of sovereignty and territorial integrity, as enshrined in the UN Charter, to abstain from supporting Russia\u2019s war effort in any way, and to refrain from any action that helps Russia circumvent sanctions. We are concerned by recent public comments by PRC officials and call on China to cease amplifying the Kremlin\u2019s false narratives, in particular on the war and on NATO, and to promote a peaceful resolution to the conflict.<\/p>\n<p>We remain committed to the foundational principles underpinning European and global security, including that each nation has the right to choose its own security arrangements free from outside interference. We reaffirm our commitment to NATO\u2019s Open Door Policy under Article 10 of the Washington Treaty.<\/p>\n<p>We are providing tailored support to partners affected by Russian threats and interference and will step up our assistance to help them resist Russian malign influence and strengthen their resilience, based on our partners\u2019 requests and our long-standing partnership programmes.\u00a0In April, Foreign Ministers will consider concrete proposals for enhancing our support to these partners.<\/p>\n<p>We will continue to take all necessary steps to protect and defend the security of our Allied populations and every inch of Allied territory. Our commitment to Article 5 of the Washington Treaty is iron-clad.<\/p>\n<p>In response to Russia\u2019s actions, we have activated NATO\u2019s defence plans, deployed elements of the NATO Response Force, and placed 40,000 troops on our eastern flank, along with significant air and naval assets, under direct NATO command supported by Allies\u2019 national deployments. We are also establishing four additional multinational battlegroups in Bulgaria, Hungary, Romania, and Slovakia. We are taking all measures and decisions to ensure the security and defence of all Allies across all domains and with a 360-degree approach. \u00a0Our measures remain preventive, proportionate, and non-escalatory. We will now accelerate NATO\u2019s transformation for a more dangerous strategic reality, including through the adoption of the next Strategic Concept in Madrid. In light of the gravest threat to Euro-Atlantic security in decades, we will also significantly strengthen our longer term deterrence and defence posture and will further develop the full range of ready forces and capabilities necessary to maintain credible deterrence and defence. These steps will be supported by enhanced exercises with an increased focus on collective defence and interoperability.<\/p>\n<p>We are increasing the resilience of our societies and our infrastructure to counter Russia\u2019s malign influence. We are enhancing our cyber capabilities and defences, providing support to each other in the event of cyber-attacks.\u00a0We are ready to impose costs on those who harm us in cyberspace, and are increasing information exchange and situational awareness, enhancing civil preparedness, and strengthening our ability to respond to disinformation. We will also enhance our preparedness and readiness for chemical, biological, radiological and nuclear threats. We will take further decisions when we meet in Madrid.<\/p>\n<p>The steps we are taking to ensure the security of our Alliance and of the Euro-Atlantic area will require adequate resourcing. \u00a0Allies are substantially increasing their defence expenditures.\u00a0Today, we have decided to accelerate our efforts to fulfil our commitment to the Defence Investment Pledge in its entirety. In line with our commitment in Article 3 of the Washington Treaty, we will further strengthen our individual and collective capacity to resist all forms of attack.\u00a0At our meeting in Madrid, we will submit additional plans on how to meet the Pledge.<\/p>\n<p>Russia\u2019s unprovoked war against Ukraine represents a fundamental challenge to the values and norms that have brought security and prosperity to all on the European continent. President Putin\u2019s choice to attack Ukraine is a strategic mistake, with grave consequences also for Russia and the Russian people. We remain united and resolute in our determination to oppose Russia\u2019s aggression, aid the government and the people of Ukraine, and defend the security of all Allies.<\/p>\n<p><strong><a href=\"https:\/\/www.nato.int\/cps\/en\/natohq\/official_texts_193719.htm?selectedLocale=en\">More information: NATO &#8211; Press release<\/a><\/strong><\/p>\n","protected":false},"excerpt":{"rendered":"<p>Allies stand strong together in NATO in the face of the biggest security threat in a generation At an extraordinary Summit in Brussels today (24 March 2022), Allied leaders agreed to reset NATO\u2019s longer-term deterrence and defence posture across all domains, land, sea, air, cyber and space. This reflects the new security reality resulting from [&hellip;]<\/p>\n","protected":false},"author":101011,"featured_media":100444,"comment_status":"open","ping_status":"open","sticky":false,"template":"","format":"standard","meta":{"_acf_changed":false,"_relevanssi_hide_post":"","_relevanssi_hide_content":"","_relevanssi_pin_for_all":"","_relevanssi_pin_keywords":"","_relevanssi_unpin_keywords":"","_relevanssi_related_keywords":"","_relevanssi_related_include_ids":"","_relevanssi_related_exclude_ids":"","_relevanssi_related_no_append":"","_relevanssi_related_not_related":"","_relevanssi_related_posts":"","_relevanssi_noindex_reason":"","_monsterinsights_skip_tracking":false,"_monsterinsights_sitenote_active":false,"_monsterinsights_sitenote_note":"","_monsterinsights_sitenote_category":0,"_genesis_hide_title":false,"_genesis_hide_breadcrumbs":false,"_genesis_hide_singular_image":false,"_genesis_hide_footer_widgets":false,"_genesis_custom_body_class":"","_genesis_custom_post_class":"","_genesis_layout":"","footnotes":""},"categories":[4075,346,4078],"tags":[],"class_list":{"0":"post-100443","1":"post","2":"type-post","3":"status-publish","4":"format-standard","5":"has-post-thumbnail","7":"category-defence-security","8":"category-eu-news","9":"category-internat-safety-pol","10":"entry"},"acf":[],"yoast_head":"<!-- This site is optimized with the Yoast SEO plugin v27.5 - https:\/\/yoast.com\/product\/yoast-seo-wordpress\/ -->\n<title>Statement by NATO Heads of State and Government | CDE Almer\u00eda - Centro de Documentaci\u00f3n Europea - Universidad de Almer\u00eda<\/title>\n<meta name=\"robots\" content=\"index, follow, max-snippet:-1, max-image-preview:large, max-video-preview:-1\" \/>\n<link rel=\"canonical\" href=\"https:\/\/www.cde.ual.es\/en\/statement-by-nato-heads-of-state-and-government\/\" \/>\n<meta property=\"og:locale\" content=\"en_US\" \/>\n<meta property=\"og:type\" content=\"article\" \/>\n<meta property=\"og:title\" content=\"Statement by NATO Heads of State and Government | CDE Almer\u00eda - Centro de Documentaci\u00f3n Europea - Universidad de Almer\u00eda\" \/>\n<meta property=\"og:description\" content=\"Allies stand strong together in NATO in the face of the biggest security threat in a generation At an extraordinary Summit in Brussels today (24 March 2022), Allied leaders agreed to reset NATO\u2019s longer-term deterrence and defence posture across all domains, land, sea, air, cyber and space. This reflects the new security reality resulting from [&hellip;]\" \/>\n<meta property=\"og:url\" content=\"https:\/\/www.cde.ual.es\/en\/statement-by-nato-heads-of-state-and-government\/\" \/>\n<meta property=\"og:site_name\" content=\"CDE Almer\u00eda - Centro de Documentaci\u00f3n Europea - Universidad de Almer\u00eda\" \/>\n<meta property=\"article:publisher\" content=\"https:\/\/www.facebook.com\/cdeuniversidadalmeria\/\" \/>\n<meta property=\"article:published_time\" content=\"2022-03-25T07:39:57+00:00\" \/>\n<meta property=\"article:modified_time\" content=\"2022-03-25T07:42:06+00:00\" \/>\n<meta property=\"og:image\" content=\"https:\/\/www.cde.ual.es\/wp-content\/uploads\/2022\/03\/220324-fam-photo_rdax_775x440s.jpg\" \/>\n\t<meta property=\"og:image:width\" content=\"774\" \/>\n\t<meta property=\"og:image:height\" content=\"440\" \/>\n\t<meta property=\"og:image:type\" content=\"image\/jpeg\" \/>\n<meta name=\"author\" content=\"BECA 2 CDE\" \/>\n<meta name=\"twitter:card\" content=\"summary_large_image\" \/>\n<meta name=\"twitter:creator\" content=\"@cdeualmeria\" \/>\n<meta name=\"twitter:site\" content=\"@cdeualmeria\" \/>\n<meta name=\"twitter:label1\" content=\"Written by\" \/>\n\t<meta name=\"twitter:data1\" content=\"BECA 2 CDE\" \/>\n\t<meta name=\"twitter:label2\" content=\"Est. reading time\" \/>\n\t<meta name=\"twitter:data2\" content=\"8 minutes\" \/>\n<script type=\"application\/ld+json\" class=\"yoast-schema-graph\">{\"@context\":\"https:\\\/\\\/schema.org\",\"@graph\":[{\"@type\":\"Article\",\"@id\":\"https:\\\/\\\/www.cde.ual.es\\\/en\\\/statement-by-nato-heads-of-state-and-government\\\/#article\",\"isPartOf\":{\"@id\":\"https:\\\/\\\/www.cde.ual.es\\\/en\\\/statement-by-nato-heads-of-state-and-government\\\/\"},\"author\":{\"name\":\"BECA 2 CDE\",\"@id\":\"https:\\\/\\\/www.cde.ual.es\\\/#\\\/schema\\\/person\\\/ee46ebc19edfa19598c02cff83335acc\"},\"headline\":\"Statement by NATO Heads of State and Government\",\"datePublished\":\"2022-03-25T07:39:57+00:00\",\"dateModified\":\"2022-03-25T07:42:06+00:00\",\"mainEntityOfPage\":{\"@id\":\"https:\\\/\\\/www.cde.ual.es\\\/en\\\/statement-by-nato-heads-of-state-and-government\\\/\"},\"wordCount\":1528,\"commentCount\":0,\"publisher\":{\"@id\":\"https:\\\/\\\/www.cde.ual.es\\\/#organization\"},\"image\":{\"@id\":\"https:\\\/\\\/www.cde.ual.es\\\/en\\\/statement-by-nato-heads-of-state-and-government\\\/#primaryimage\"},\"thumbnailUrl\":\"https:\\\/\\\/www.cde.ual.es\\\/wp-content\\\/uploads\\\/2022\\\/03\\\/220324-fam-photo_rdax_775x440s.jpg\",\"articleSection\":[\"Defence &amp; Security\",\"EU News\",\"International Safety and Defence Politics\"],\"inLanguage\":\"en-US\",\"potentialAction\":[{\"@type\":\"CommentAction\",\"name\":\"Comment\",\"target\":[\"https:\\\/\\\/www.cde.ual.es\\\/en\\\/statement-by-nato-heads-of-state-and-government\\\/#respond\"]}]},{\"@type\":\"WebPage\",\"@id\":\"https:\\\/\\\/www.cde.ual.es\\\/en\\\/statement-by-nato-heads-of-state-and-government\\\/\",\"url\":\"https:\\\/\\\/www.cde.ual.es\\\/en\\\/statement-by-nato-heads-of-state-and-government\\\/\",\"name\":\"Statement by NATO Heads of State and Government | CDE Almer\u00eda - Centro de Documentaci\u00f3n Europea - Universidad de Almer\u00eda\",\"isPartOf\":{\"@id\":\"https:\\\/\\\/www.cde.ual.es\\\/#website\"},\"primaryImageOfPage\":{\"@id\":\"https:\\\/\\\/www.cde.ual.es\\\/en\\\/statement-by-nato-heads-of-state-and-government\\\/#primaryimage\"},\"image\":{\"@id\":\"https:\\\/\\\/www.cde.ual.es\\\/en\\\/statement-by-nato-heads-of-state-and-government\\\/#primaryimage\"},\"thumbnailUrl\":\"https:\\\/\\\/www.cde.ual.es\\\/wp-content\\\/uploads\\\/2022\\\/03\\\/220324-fam-photo_rdax_775x440s.jpg\",\"datePublished\":\"2022-03-25T07:39:57+00:00\",\"dateModified\":\"2022-03-25T07:42:06+00:00\",\"breadcrumb\":{\"@id\":\"https:\\\/\\\/www.cde.ual.es\\\/en\\\/statement-by-nato-heads-of-state-and-government\\\/#breadcrumb\"},\"inLanguage\":\"en-US\",\"potentialAction\":[{\"@type\":\"ReadAction\",\"target\":[\"https:\\\/\\\/www.cde.ual.es\\\/en\\\/statement-by-nato-heads-of-state-and-government\\\/\"]}]},{\"@type\":\"ImageObject\",\"inLanguage\":\"en-US\",\"@id\":\"https:\\\/\\\/www.cde.ual.es\\\/en\\\/statement-by-nato-heads-of-state-and-government\\\/#primaryimage\",\"url\":\"https:\\\/\\\/www.cde.ual.es\\\/wp-content\\\/uploads\\\/2022\\\/03\\\/220324-fam-photo_rdax_775x440s.jpg\",\"contentUrl\":\"https:\\\/\\\/www.cde.ual.es\\\/wp-content\\\/uploads\\\/2022\\\/03\\\/220324-fam-photo_rdax_775x440s.jpg\",\"width\":774,\"height\":440},{\"@type\":\"BreadcrumbList\",\"@id\":\"https:\\\/\\\/www.cde.ual.es\\\/en\\\/statement-by-nato-heads-of-state-and-government\\\/#breadcrumb\",\"itemListElement\":[{\"@type\":\"ListItem\",\"position\":1,\"name\":\"Inicio\",\"item\":\"https:\\\/\\\/www.cde.ual.es\\\/en\\\/\"},{\"@type\":\"ListItem\",\"position\":2,\"name\":\"EU News\",\"item\":\"https:\\\/\\\/www.cde.ual.es\\\/en\\\/category\\\/eu-news\\\/\"},{\"@type\":\"ListItem\",\"position\":3,\"name\":\"Defence &amp; Security\",\"item\":\"https:\\\/\\\/www.cde.ual.es\\\/en\\\/category\\\/eu-news\\\/defence-security\\\/\"},{\"@type\":\"ListItem\",\"position\":4,\"name\":\"International Safety and Defence Politics\",\"item\":\"https:\\\/\\\/www.cde.ual.es\\\/en\\\/category\\\/eu-news\\\/defence-security\\\/internat-safety-pol\\\/\"},{\"@type\":\"ListItem\",\"position\":5,\"name\":\"Statement by NATO Heads of State and Government\"}]},{\"@type\":\"WebSite\",\"@id\":\"https:\\\/\\\/www.cde.ual.es\\\/#website\",\"url\":\"https:\\\/\\\/www.cde.ual.es\\\/\",\"name\":\"CDE Almer\u00eda - Centro de Documentaci\u00f3n Europea - Universidad de Almer\u00eda\",\"description\":\"Centro de Documentaci\u00f3n Europea de la Universidad de Almer\u00eda\",\"publisher\":{\"@id\":\"https:\\\/\\\/www.cde.ual.es\\\/#organization\"},\"alternateName\":\"CDE Almer\u00eda\",\"potentialAction\":[{\"@type\":\"SearchAction\",\"target\":{\"@type\":\"EntryPoint\",\"urlTemplate\":\"https:\\\/\\\/www.cde.ual.es\\\/?s={search_term_string}\"},\"query-input\":{\"@type\":\"PropertyValueSpecification\",\"valueRequired\":true,\"valueName\":\"search_term_string\"}}],\"inLanguage\":\"en-US\"},{\"@type\":\"Organization\",\"@id\":\"https:\\\/\\\/www.cde.ual.es\\\/#organization\",\"name\":\"Centro de Documentaci\u00f3n Europea de Almer\u00eda\",\"url\":\"https:\\\/\\\/www.cde.ual.es\\\/\",\"logo\":{\"@type\":\"ImageObject\",\"inLanguage\":\"en-US\",\"@id\":\"https:\\\/\\\/www.cde.ual.es\\\/#\\\/schema\\\/logo\\\/image\\\/\",\"url\":\"https:\\\/\\\/www.cde.ual.es\\\/wp-content\\\/uploads\\\/2025\\\/07\\\/cde-logo-3.png\",\"contentUrl\":\"https:\\\/\\\/www.cde.ual.es\\\/wp-content\\\/uploads\\\/2025\\\/07\\\/cde-logo-3.png\",\"width\":1400,\"height\":300,\"caption\":\"Centro de Documentaci\u00f3n Europea de Almer\u00eda\"},\"image\":{\"@id\":\"https:\\\/\\\/www.cde.ual.es\\\/#\\\/schema\\\/logo\\\/image\\\/\"},\"sameAs\":[\"https:\\\/\\\/www.facebook.com\\\/cdeuniversidadalmeria\\\/\",\"https:\\\/\\\/x.com\\\/cdeualmeria\",\"https:\\\/\\\/www.tiktok.com\\\/@cdealmeria\",\"https:\\\/\\\/www.instagram.com\\\/cdealmeria\\\/\",\"https:\\\/\\\/www.linkedin.com\\\/in\\\/cde-almera-812b26a9\\\/\"]},{\"@type\":\"Person\",\"@id\":\"https:\\\/\\\/www.cde.ual.es\\\/#\\\/schema\\\/person\\\/ee46ebc19edfa19598c02cff83335acc\",\"name\":\"BECA 2 CDE\",\"image\":{\"@type\":\"ImageObject\",\"inLanguage\":\"en-US\",\"@id\":\"https:\\\/\\\/secure.gravatar.com\\\/avatar\\\/35a481bbc04bbd90e91bdfa3b0b5541036c222a49b9ad37b6889a2afcb5311a5?s=96&d=mm&r=g\",\"url\":\"https:\\\/\\\/secure.gravatar.com\\\/avatar\\\/35a481bbc04bbd90e91bdfa3b0b5541036c222a49b9ad37b6889a2afcb5311a5?s=96&d=mm&r=g\",\"contentUrl\":\"https:\\\/\\\/secure.gravatar.com\\\/avatar\\\/35a481bbc04bbd90e91bdfa3b0b5541036c222a49b9ad37b6889a2afcb5311a5?s=96&d=mm&r=g\",\"caption\":\"BECA 2 CDE\"},\"sameAs\":[\"http:\\\/\\\/www.cdealmeria.com\"]}]}<\/script>\n<!-- \/ Yoast SEO plugin. -->","yoast_head_json":{"title":"Statement by NATO Heads of State and Government | CDE Almer\u00eda - Centro de Documentaci\u00f3n Europea - Universidad de Almer\u00eda","robots":{"index":"index","follow":"follow","max-snippet":"max-snippet:-1","max-image-preview":"max-image-preview:large","max-video-preview":"max-video-preview:-1"},"canonical":"https:\/\/www.cde.ual.es\/en\/statement-by-nato-heads-of-state-and-government\/","og_locale":"en_US","og_type":"article","og_title":"Statement by NATO Heads of State and Government | CDE Almer\u00eda - Centro de Documentaci\u00f3n Europea - Universidad de Almer\u00eda","og_description":"Allies stand strong together in NATO in the face of the biggest security threat in a generation At an extraordinary Summit in Brussels today (24 March 2022), Allied leaders agreed to reset NATO\u2019s longer-term deterrence and defence posture across all domains, land, sea, air, cyber and space. This reflects the new security reality resulting from [&hellip;]","og_url":"https:\/\/www.cde.ual.es\/en\/statement-by-nato-heads-of-state-and-government\/","og_site_name":"CDE Almer\u00eda - Centro de Documentaci\u00f3n Europea - Universidad de Almer\u00eda","article_publisher":"https:\/\/www.facebook.com\/cdeuniversidadalmeria\/","article_published_time":"2022-03-25T07:39:57+00:00","article_modified_time":"2022-03-25T07:42:06+00:00","og_image":[{"width":774,"height":440,"url":"https:\/\/www.cde.ual.es\/wp-content\/uploads\/2022\/03\/220324-fam-photo_rdax_775x440s.jpg","type":"image\/jpeg"}],"author":"BECA 2 CDE","twitter_card":"summary_large_image","twitter_creator":"@cdeualmeria","twitter_site":"@cdeualmeria","twitter_misc":{"Written by":"BECA 2 CDE","Est. reading time":"8 minutes"},"schema":{"@context":"https:\/\/schema.org","@graph":[{"@type":"Article","@id":"https:\/\/www.cde.ual.es\/en\/statement-by-nato-heads-of-state-and-government\/#article","isPartOf":{"@id":"https:\/\/www.cde.ual.es\/en\/statement-by-nato-heads-of-state-and-government\/"},"author":{"name":"BECA 2 CDE","@id":"https:\/\/www.cde.ual.es\/#\/schema\/person\/ee46ebc19edfa19598c02cff83335acc"},"headline":"Statement by NATO Heads of State and Government","datePublished":"2022-03-25T07:39:57+00:00","dateModified":"2022-03-25T07:42:06+00:00","mainEntityOfPage":{"@id":"https:\/\/www.cde.ual.es\/en\/statement-by-nato-heads-of-state-and-government\/"},"wordCount":1528,"commentCount":0,"publisher":{"@id":"https:\/\/www.cde.ual.es\/#organization"},"image":{"@id":"https:\/\/www.cde.ual.es\/en\/statement-by-nato-heads-of-state-and-government\/#primaryimage"},"thumbnailUrl":"https:\/\/www.cde.ual.es\/wp-content\/uploads\/2022\/03\/220324-fam-photo_rdax_775x440s.jpg","articleSection":["Defence &amp; Security","EU News","International Safety and Defence Politics"],"inLanguage":"en-US","potentialAction":[{"@type":"CommentAction","name":"Comment","target":["https:\/\/www.cde.ual.es\/en\/statement-by-nato-heads-of-state-and-government\/#respond"]}]},{"@type":"WebPage","@id":"https:\/\/www.cde.ual.es\/en\/statement-by-nato-heads-of-state-and-government\/","url":"https:\/\/www.cde.ual.es\/en\/statement-by-nato-heads-of-state-and-government\/","name":"Statement by NATO Heads of State and Government | CDE Almer\u00eda - Centro de Documentaci\u00f3n Europea - Universidad de Almer\u00eda","isPartOf":{"@id":"https:\/\/www.cde.ual.es\/#website"},"primaryImageOfPage":{"@id":"https:\/\/www.cde.ual.es\/en\/statement-by-nato-heads-of-state-and-government\/#primaryimage"},"image":{"@id":"https:\/\/www.cde.ual.es\/en\/statement-by-nato-heads-of-state-and-government\/#primaryimage"},"thumbnailUrl":"https:\/\/www.cde.ual.es\/wp-content\/uploads\/2022\/03\/220324-fam-photo_rdax_775x440s.jpg","datePublished":"2022-03-25T07:39:57+00:00","dateModified":"2022-03-25T07:42:06+00:00","breadcrumb":{"@id":"https:\/\/www.cde.ual.es\/en\/statement-by-nato-heads-of-state-and-government\/#breadcrumb"},"inLanguage":"en-US","potentialAction":[{"@type":"ReadAction","target":["https:\/\/www.cde.ual.es\/en\/statement-by-nato-heads-of-state-and-government\/"]}]},{"@type":"ImageObject","inLanguage":"en-US","@id":"https:\/\/www.cde.ual.es\/en\/statement-by-nato-heads-of-state-and-government\/#primaryimage","url":"https:\/\/www.cde.ual.es\/wp-content\/uploads\/2022\/03\/220324-fam-photo_rdax_775x440s.jpg","contentUrl":"https:\/\/www.cde.ual.es\/wp-content\/uploads\/2022\/03\/220324-fam-photo_rdax_775x440s.jpg","width":774,"height":440},{"@type":"BreadcrumbList","@id":"https:\/\/www.cde.ual.es\/en\/statement-by-nato-heads-of-state-and-government\/#breadcrumb","itemListElement":[{"@type":"ListItem","position":1,"name":"Inicio","item":"https:\/\/www.cde.ual.es\/en\/"},{"@type":"ListItem","position":2,"name":"EU News","item":"https:\/\/www.cde.ual.es\/en\/category\/eu-news\/"},{"@type":"ListItem","position":3,"name":"Defence &amp; Security","item":"https:\/\/www.cde.ual.es\/en\/category\/eu-news\/defence-security\/"},{"@type":"ListItem","position":4,"name":"International Safety and Defence Politics","item":"https:\/\/www.cde.ual.es\/en\/category\/eu-news\/defence-security\/internat-safety-pol\/"},{"@type":"ListItem","position":5,"name":"Statement by NATO Heads of State and Government"}]},{"@type":"WebSite","@id":"https:\/\/www.cde.ual.es\/#website","url":"https:\/\/www.cde.ual.es\/","name":"CDE Almer\u00eda - Centro de Documentaci\u00f3n Europea - Universidad de Almer\u00eda","description":"Centro de Documentaci\u00f3n Europea de la Universidad de Almer\u00eda","publisher":{"@id":"https:\/\/www.cde.ual.es\/#organization"},"alternateName":"CDE Almer\u00eda","potentialAction":[{"@type":"SearchAction","target":{"@type":"EntryPoint","urlTemplate":"https:\/\/www.cde.ual.es\/?s={search_term_string}"},"query-input":{"@type":"PropertyValueSpecification","valueRequired":true,"valueName":"search_term_string"}}],"inLanguage":"en-US"},{"@type":"Organization","@id":"https:\/\/www.cde.ual.es\/#organization","name":"Centro de Documentaci\u00f3n Europea de Almer\u00eda","url":"https:\/\/www.cde.ual.es\/","logo":{"@type":"ImageObject","inLanguage":"en-US","@id":"https:\/\/www.cde.ual.es\/#\/schema\/logo\/image\/","url":"https:\/\/www.cde.ual.es\/wp-content\/uploads\/2025\/07\/cde-logo-3.png","contentUrl":"https:\/\/www.cde.ual.es\/wp-content\/uploads\/2025\/07\/cde-logo-3.png","width":1400,"height":300,"caption":"Centro de Documentaci\u00f3n Europea de Almer\u00eda"},"image":{"@id":"https:\/\/www.cde.ual.es\/#\/schema\/logo\/image\/"},"sameAs":["https:\/\/www.facebook.com\/cdeuniversidadalmeria\/","https:\/\/x.com\/cdeualmeria","https:\/\/www.tiktok.com\/@cdealmeria","https:\/\/www.instagram.com\/cdealmeria\/","https:\/\/www.linkedin.com\/in\/cde-almera-812b26a9\/"]},{"@type":"Person","@id":"https:\/\/www.cde.ual.es\/#\/schema\/person\/ee46ebc19edfa19598c02cff83335acc","name":"BECA 2 CDE","image":{"@type":"ImageObject","inLanguage":"en-US","@id":"https:\/\/secure.gravatar.com\/avatar\/35a481bbc04bbd90e91bdfa3b0b5541036c222a49b9ad37b6889a2afcb5311a5?s=96&d=mm&r=g","url":"https:\/\/secure.gravatar.com\/avatar\/35a481bbc04bbd90e91bdfa3b0b5541036c222a49b9ad37b6889a2afcb5311a5?s=96&d=mm&r=g","contentUrl":"https:\/\/secure.gravatar.com\/avatar\/35a481bbc04bbd90e91bdfa3b0b5541036c222a49b9ad37b6889a2afcb5311a5?s=96&d=mm&r=g","caption":"BECA 2 CDE"},"sameAs":["http:\/\/www.cdealmeria.com"]}]}},"_links":{"self":[{"href":"https:\/\/www.cde.ual.es\/en\/wp-json\/wp\/v2\/posts\/100443","targetHints":{"allow":["GET"]}}],"collection":[{"href":"https:\/\/www.cde.ual.es\/en\/wp-json\/wp\/v2\/posts"}],"about":[{"href":"https:\/\/www.cde.ual.es\/en\/wp-json\/wp\/v2\/types\/post"}],"author":[{"embeddable":true,"href":"https:\/\/www.cde.ual.es\/en\/wp-json\/wp\/v2\/users\/101011"}],"replies":[{"embeddable":true,"href":"https:\/\/www.cde.ual.es\/en\/wp-json\/wp\/v2\/comments?post=100443"}],"version-history":[{"count":0,"href":"https:\/\/www.cde.ual.es\/en\/wp-json\/wp\/v2\/posts\/100443\/revisions"}],"wp:featuredmedia":[{"embeddable":true,"href":"https:\/\/www.cde.ual.es\/en\/wp-json\/wp\/v2\/media\/100444"}],"wp:attachment":[{"href":"https:\/\/www.cde.ual.es\/en\/wp-json\/wp\/v2\/media?parent=100443"}],"wp:term":[{"taxonomy":"category","embeddable":true,"href":"https:\/\/www.cde.ual.es\/en\/wp-json\/wp\/v2\/categories?post=100443"},{"taxonomy":"post_tag","embeddable":true,"href":"https:\/\/www.cde.ual.es\/en\/wp-json\/wp\/v2\/tags?post=100443"}],"curies":[{"name":"wp","href":"https:\/\/api.w.org\/{rel}","templated":true}]}}