{"id":10035,"date":"2018-11-21T10:52:41","date_gmt":"2018-11-21T09:52:41","guid":{"rendered":"http:\/\/www.cde.ual.es\/?p=10035"},"modified":"2018-11-21T10:52:41","modified_gmt":"2018-11-21T09:52:41","slug":"music-moves-europe-talent-awards-2019","status":"publish","type":"post","link":"https:\/\/www.cde.ual.es\/en\/music-moves-europe-talent-awards-2019\/","title":{"rendered":"Music Moves Europe Talent Awards 2019"},"content":{"rendered":"<p style=\"text-align: center;\">Ya puedes votar por tus favoritos entre los 12 ganadores seleccionados de los Premios Music Moves Europe<\/p>\n<p><a href=\"http:\/\/www.cde.ual.es\/wp-content\/uploads\/2018\/11\/MUSIC-MOVES-EUROPE-AWARDS-2019.png\"><br \/>\n<img decoding=\"async\" class=\" wp-image-10036 aligncenter\" src=\"http:\/\/www.cde.ual.es\/wp-content\/uploads\/2018\/11\/MUSIC-MOVES-EUROPE-AWARDS-2019-300x151.png\" alt=\"\" width=\"395\" height=\"199\" \/><\/a><\/p>\n<p>Los ganadores de los nuevos premios Music Moves Europe se anunciaron el 20 de noviembre de 2018. Los 12 galardonados representan el sonido europeo de hoy y de ma\u00f1ana, lo que se celebrar\u00e1 en la ceremonia de entrega de premios en ESNS (Eurosonic Noorderslag) en Groningen (Pa\u00edses Bajos) el 16 de enero de 2019.<\/p>\n<p>Los premios de este a\u00f1o en seis categor\u00edas \/ g\u00e9neros musicales son para:<\/p>\n<p>Bishop Briggs (Reino Unido) y Lxandra (Finlandia) [Pop],<br \/>\nPale Waves (Reino Unido) y Pip Blom (Pa\u00edses Bajos) [Rock],<br \/>\nSmerz (Noruega) Stelartronic (Austria) [Electr\u00f3nico],<br \/>\nRosal\u00eda (Espa\u00f1a) y Aya Nakamura (Francia) [RnB \/ Urban],<br \/>\nOla negro. (B\u00e9lgica), Reykjav\u00edkurd\u00e6tur (Islandia) [Hip Hop \/ Rap],<br \/>\nAvec (Austria) y Albin Lee Meldau (Suecia) [Cantautor].<\/p>\n<p>El p\u00fablico ahora puede votar de forma online por su artista favorito de cada categor\u00eda. Los ganadores de los premios de elecci\u00f3n p\u00fablica se dar\u00e1n a conocer en la ceremonia de entrega de premios el 16 de enero de 2019 en Groningen (NL).<\/p>\n<p>Todos los ganadores recibir\u00e1n un paquete de premios por valor de 5 000 EUR para asistencia en viajes y promociones, y un programa de capacitaci\u00f3n personalizado. Adem\u00e1s, pueden actuar en ESNS y recibir publicidad gratuita.<\/p>\n<p>Tras la obtenci\u00f3n de los premios European Border Breakers Awards (EBBA), los premios anuale<a href=\"https:\/\/musicmoveseuropetalentawards.eu\/\">s Music Moves Europe Talent Awards<\/a> son cofinanciados por el programa <a href=\"https:\/\/ec.europa.eu\/programmes\/creative-europe\/node_es\">Creative Europe<\/a> de la Uni\u00f3n Europea, con el apoyo adicional de la Municipalidad de Groningen, la provincia de Groningen y el Ministerio de Educaci\u00f3n de Holanda , Cultura y Ciencia. Los premios son presentados por ESNS y el Festival Reeperbahn, en cooperaci\u00f3n con Yourope, European Broadcasting Union (EBU), Independent Music Companies Association (IMPALA), International Music Managers Forum (IMMF), Liveurope, Live DMA, European Music Exporters Exchange ( EMEE) y Digital Music Europe (DME).<\/p>\n<h5>M\u00e1s informaci\u00f3n<\/h5>\n<p>P\u00e1gina web de\u00a0<a href=\"https:\/\/musicmoveseuropetalentawards.eu\/\">Music Moves Europe Talent Awards<\/a><\/p>\n<p><a href=\"https:\/\/ec.europa.eu\/programmes\/creative-europe\/actions\/eu-music-prize_en\">The EU prize for popular and contemporary music<\/a><\/p>\n<p><a href=\"https:\/\/ec.europa.eu\/programmes\/creative-europe\/actions\/music-moves-europe_en\">Music Moves Europe<\/a><\/p>\n","protected":false},"excerpt":{"rendered":"<p>Ya puedes votar por tus favoritos entre los 12 ganadores seleccionados de los Premios Music Moves Europe Los ganadores de los nuevos premios Music Moves Europe se anunciaron el 20 de noviembre de 2018. Los 12 galardonados representan el sonido europeo de hoy y de ma\u00f1ana, lo que se celebrar\u00e1 en la ceremonia de entrega [&hellip;]<\/p>\n","protected":false},"author":101011,"featured_media":10036,"comment_status":"open","ping_status":"open","sticky":false,"template":"","format":"standard","meta":{"_acf_changed":false,"_relevanssi_hide_post":"","_relevanssi_hide_content":"","_relevanssi_pin_for_all":"","_relevanssi_pin_keywords":"","_relevanssi_unpin_keywords":"","_relevanssi_related_keywords":"","_relevanssi_related_include_ids":"","_relevanssi_related_exclude_ids":"","_relevanssi_related_no_append":"","_relevanssi_related_not_related":"","_relevanssi_related_posts":"","_relevanssi_noindex_reason":"","_monsterinsights_skip_tracking":false,"_monsterinsights_sitenote_active":false,"_monsterinsights_sitenote_note":"","_monsterinsights_sitenote_category":0,"_genesis_hide_title":false,"_genesis_hide_breadcrumbs":false,"_genesis_hide_singular_image":false,"_genesis_hide_footer_widgets":false,"_genesis_custom_body_class":"","_genesis_custom_post_class":"","_genesis_layout":"","footnotes":""},"categories":[136],"tags":[128,137],"class_list":{"0":"post-10035","1":"post","2":"type-post","3":"status-publish","4":"format-standard","5":"has-post-thumbnail","7":"category-convocatorias-y-premios-ue","8":"tag-cultura-educacion","9":"tag-premios","10":"entry"},"acf":[],"yoast_head":"<!-- This site is optimized with the Yoast SEO plugin v27.5 - https:\/\/yoast.com\/product\/yoast-seo-wordpress\/ -->\n<title>Music Moves Europe Talent Awards 2019 | CDE Almer\u00eda - Centro de Documentaci\u00f3n Europea - Universidad de Almer\u00eda<\/title>\n<meta name=\"robots\" content=\"index, follow, max-snippet:-1, max-image-preview:large, max-video-preview:-1\" \/>\n<link rel=\"canonical\" href=\"https:\/\/www.cde.ual.es\/music-moves-europe-talent-awards-2019\/\" \/>\n<meta property=\"og:locale\" content=\"en_US\" \/>\n<meta property=\"og:type\" content=\"article\" \/>\n<meta property=\"og:title\" content=\"Music Moves Europe Talent Awards 2019 | CDE Almer\u00eda - Centro de Documentaci\u00f3n Europea - Universidad de Almer\u00eda\" \/>\n<meta property=\"og:description\" content=\"Ya puedes votar por tus favoritos entre los 12 ganadores seleccionados de los Premios Music Moves Europe Los ganadores de los nuevos premios Music Moves Europe se anunciaron el 20 de noviembre de 2018. Los 12 galardonados representan el sonido europeo de hoy y de ma\u00f1ana, lo que se celebrar\u00e1 en la ceremonia de entrega [&hellip;]\" \/>\n<meta property=\"og:url\" content=\"https:\/\/www.cde.ual.es\/music-moves-europe-talent-awards-2019\/\" \/>\n<meta property=\"og:site_name\" content=\"CDE Almer\u00eda - Centro de Documentaci\u00f3n Europea - Universidad de Almer\u00eda\" \/>\n<meta property=\"article:publisher\" content=\"https:\/\/www.facebook.com\/cdeuniversidadalmeria\/\" \/>\n<meta property=\"article:published_time\" content=\"2018-11-21T09:52:41+00:00\" \/>\n<meta property=\"og:image\" content=\"https:\/\/www.cde.ual.es\/wp-content\/uploads\/2018\/11\/MUSIC-MOVES-EUROPE-AWARDS-2019-e1542793938876.png\" \/>\n\t<meta property=\"og:image:width\" content=\"620\" \/>\n\t<meta property=\"og:image:height\" content=\"313\" \/>\n\t<meta property=\"og:image:type\" content=\"image\/png\" \/>\n<meta name=\"author\" content=\"BECA 2 CDE\" \/>\n<meta name=\"twitter:card\" content=\"summary_large_image\" \/>\n<meta name=\"twitter:creator\" content=\"@cdeualmeria\" \/>\n<meta name=\"twitter:site\" content=\"@cdeualmeria\" \/>\n<meta name=\"twitter:label1\" content=\"Written by\" \/>\n\t<meta name=\"twitter:data1\" content=\"BECA 2 CDE\" \/>\n\t<meta name=\"twitter:label2\" content=\"Est. reading time\" \/>\n\t<meta name=\"twitter:data2\" content=\"2 minutes\" \/>\n<script type=\"application\/ld+json\" class=\"yoast-schema-graph\">{\"@context\":\"https:\\\/\\\/schema.org\",\"@graph\":[{\"@type\":\"Article\",\"@id\":\"https:\\\/\\\/www.cde.ual.es\\\/music-moves-europe-talent-awards-2019\\\/#article\",\"isPartOf\":{\"@id\":\"https:\\\/\\\/www.cde.ual.es\\\/music-moves-europe-talent-awards-2019\\\/\"},\"author\":{\"name\":\"BECA 2 CDE\",\"@id\":\"https:\\\/\\\/www.cde.ual.es\\\/#\\\/schema\\\/person\\\/ee46ebc19edfa19598c02cff83335acc\"},\"headline\":\"Music Moves Europe Talent Awards 2019\",\"datePublished\":\"2018-11-21T09:52:41+00:00\",\"mainEntityOfPage\":{\"@id\":\"https:\\\/\\\/www.cde.ual.es\\\/music-moves-europe-talent-awards-2019\\\/\"},\"wordCount\":345,\"commentCount\":0,\"publisher\":{\"@id\":\"https:\\\/\\\/www.cde.ual.es\\\/#organization\"},\"image\":{\"@id\":\"https:\\\/\\\/www.cde.ual.es\\\/music-moves-europe-talent-awards-2019\\\/#primaryimage\"},\"thumbnailUrl\":\"https:\\\/\\\/www.cde.ual.es\\\/wp-content\\\/uploads\\\/2018\\\/11\\\/MUSIC-MOVES-EUROPE-AWARDS-2019-e1542793938876.png\",\"keywords\":[\"Cultura y Educaci\u00f3n\",\"Premios\"],\"articleSection\":[\"Convocatorias y Premios UE\"],\"inLanguage\":\"en-US\",\"potentialAction\":[{\"@type\":\"CommentAction\",\"name\":\"Comment\",\"target\":[\"https:\\\/\\\/www.cde.ual.es\\\/music-moves-europe-talent-awards-2019\\\/#respond\"]}]},{\"@type\":\"WebPage\",\"@id\":\"https:\\\/\\\/www.cde.ual.es\\\/music-moves-europe-talent-awards-2019\\\/\",\"url\":\"https:\\\/\\\/www.cde.ual.es\\\/music-moves-europe-talent-awards-2019\\\/\",\"name\":\"Music Moves Europe Talent Awards 2019 | CDE Almer\u00eda - Centro de Documentaci\u00f3n Europea - Universidad de Almer\u00eda\",\"isPartOf\":{\"@id\":\"https:\\\/\\\/www.cde.ual.es\\\/#website\"},\"primaryImageOfPage\":{\"@id\":\"https:\\\/\\\/www.cde.ual.es\\\/music-moves-europe-talent-awards-2019\\\/#primaryimage\"},\"image\":{\"@id\":\"https:\\\/\\\/www.cde.ual.es\\\/music-moves-europe-talent-awards-2019\\\/#primaryimage\"},\"thumbnailUrl\":\"https:\\\/\\\/www.cde.ual.es\\\/wp-content\\\/uploads\\\/2018\\\/11\\\/MUSIC-MOVES-EUROPE-AWARDS-2019-e1542793938876.png\",\"datePublished\":\"2018-11-21T09:52:41+00:00\",\"breadcrumb\":{\"@id\":\"https:\\\/\\\/www.cde.ual.es\\\/music-moves-europe-talent-awards-2019\\\/#breadcrumb\"},\"inLanguage\":\"en-US\",\"potentialAction\":[{\"@type\":\"ReadAction\",\"target\":[\"https:\\\/\\\/www.cde.ual.es\\\/music-moves-europe-talent-awards-2019\\\/\"]}]},{\"@type\":\"ImageObject\",\"inLanguage\":\"en-US\",\"@id\":\"https:\\\/\\\/www.cde.ual.es\\\/music-moves-europe-talent-awards-2019\\\/#primaryimage\",\"url\":\"https:\\\/\\\/www.cde.ual.es\\\/wp-content\\\/uploads\\\/2018\\\/11\\\/MUSIC-MOVES-EUROPE-AWARDS-2019-e1542793938876.png\",\"contentUrl\":\"https:\\\/\\\/www.cde.ual.es\\\/wp-content\\\/uploads\\\/2018\\\/11\\\/MUSIC-MOVES-EUROPE-AWARDS-2019-e1542793938876.png\",\"width\":620,\"height\":313},{\"@type\":\"BreadcrumbList\",\"@id\":\"https:\\\/\\\/www.cde.ual.es\\\/music-moves-europe-talent-awards-2019\\\/#breadcrumb\",\"itemListElement\":[{\"@type\":\"ListItem\",\"position\":1,\"name\":\"Inicio\",\"item\":\"https:\\\/\\\/www.cde.ual.es\\\/en\\\/\"},{\"@type\":\"ListItem\",\"position\":2,\"name\":\"Convocatorias y Premios UE\",\"item\":\"https:\\\/\\\/www.cde.ual.es\\\/category\\\/convocatorias-y-premios-ue\\\/\"},{\"@type\":\"ListItem\",\"position\":3,\"name\":\"Music Moves Europe Talent Awards 2019\"}]},{\"@type\":\"WebSite\",\"@id\":\"https:\\\/\\\/www.cde.ual.es\\\/#website\",\"url\":\"https:\\\/\\\/www.cde.ual.es\\\/\",\"name\":\"CDE Almer\u00eda - Centro de Documentaci\u00f3n Europea - Universidad de Almer\u00eda\",\"description\":\"Centro de Documentaci\u00f3n Europea de la Universidad de Almer\u00eda\",\"publisher\":{\"@id\":\"https:\\\/\\\/www.cde.ual.es\\\/#organization\"},\"alternateName\":\"CDE Almer\u00eda\",\"potentialAction\":[{\"@type\":\"SearchAction\",\"target\":{\"@type\":\"EntryPoint\",\"urlTemplate\":\"https:\\\/\\\/www.cde.ual.es\\\/?s={search_term_string}\"},\"query-input\":{\"@type\":\"PropertyValueSpecification\",\"valueRequired\":true,\"valueName\":\"search_term_string\"}}],\"inLanguage\":\"en-US\"},{\"@type\":\"Organization\",\"@id\":\"https:\\\/\\\/www.cde.ual.es\\\/#organization\",\"name\":\"Centro de Documentaci\u00f3n Europea de Almer\u00eda\",\"url\":\"https:\\\/\\\/www.cde.ual.es\\\/\",\"logo\":{\"@type\":\"ImageObject\",\"inLanguage\":\"en-US\",\"@id\":\"https:\\\/\\\/www.cde.ual.es\\\/#\\\/schema\\\/logo\\\/image\\\/\",\"url\":\"https:\\\/\\\/www.cde.ual.es\\\/wp-content\\\/uploads\\\/2025\\\/07\\\/cde-logo-3.png\",\"contentUrl\":\"https:\\\/\\\/www.cde.ual.es\\\/wp-content\\\/uploads\\\/2025\\\/07\\\/cde-logo-3.png\",\"width\":1400,\"height\":300,\"caption\":\"Centro de Documentaci\u00f3n Europea de Almer\u00eda\"},\"image\":{\"@id\":\"https:\\\/\\\/www.cde.ual.es\\\/#\\\/schema\\\/logo\\\/image\\\/\"},\"sameAs\":[\"https:\\\/\\\/www.facebook.com\\\/cdeuniversidadalmeria\\\/\",\"https:\\\/\\\/x.com\\\/cdeualmeria\",\"https:\\\/\\\/www.tiktok.com\\\/@cdealmeria\",\"https:\\\/\\\/www.instagram.com\\\/cdealmeria\\\/\",\"https:\\\/\\\/www.linkedin.com\\\/in\\\/cde-almera-812b26a9\\\/\"]},{\"@type\":\"Person\",\"@id\":\"https:\\\/\\\/www.cde.ual.es\\\/#\\\/schema\\\/person\\\/ee46ebc19edfa19598c02cff83335acc\",\"name\":\"BECA 2 CDE\",\"image\":{\"@type\":\"ImageObject\",\"inLanguage\":\"en-US\",\"@id\":\"https:\\\/\\\/secure.gravatar.com\\\/avatar\\\/35a481bbc04bbd90e91bdfa3b0b5541036c222a49b9ad37b6889a2afcb5311a5?s=96&d=mm&r=g\",\"url\":\"https:\\\/\\\/secure.gravatar.com\\\/avatar\\\/35a481bbc04bbd90e91bdfa3b0b5541036c222a49b9ad37b6889a2afcb5311a5?s=96&d=mm&r=g\",\"contentUrl\":\"https:\\\/\\\/secure.gravatar.com\\\/avatar\\\/35a481bbc04bbd90e91bdfa3b0b5541036c222a49b9ad37b6889a2afcb5311a5?s=96&d=mm&r=g\",\"caption\":\"BECA 2 CDE\"},\"sameAs\":[\"http:\\\/\\\/www.cdealmeria.com\"]}]}<\/script>\n<!-- \/ Yoast SEO plugin. -->","yoast_head_json":{"title":"Music Moves Europe Talent Awards 2019 | CDE Almer\u00eda - Centro de Documentaci\u00f3n Europea - Universidad de Almer\u00eda","robots":{"index":"index","follow":"follow","max-snippet":"max-snippet:-1","max-image-preview":"max-image-preview:large","max-video-preview":"max-video-preview:-1"},"canonical":"https:\/\/www.cde.ual.es\/music-moves-europe-talent-awards-2019\/","og_locale":"en_US","og_type":"article","og_title":"Music Moves Europe Talent Awards 2019 | CDE Almer\u00eda - Centro de Documentaci\u00f3n Europea - Universidad de Almer\u00eda","og_description":"Ya puedes votar por tus favoritos entre los 12 ganadores seleccionados de los Premios Music Moves Europe Los ganadores de los nuevos premios Music Moves Europe se anunciaron el 20 de noviembre de 2018. Los 12 galardonados representan el sonido europeo de hoy y de ma\u00f1ana, lo que se celebrar\u00e1 en la ceremonia de entrega [&hellip;]","og_url":"https:\/\/www.cde.ual.es\/music-moves-europe-talent-awards-2019\/","og_site_name":"CDE Almer\u00eda - Centro de Documentaci\u00f3n Europea - Universidad de Almer\u00eda","article_publisher":"https:\/\/www.facebook.com\/cdeuniversidadalmeria\/","article_published_time":"2018-11-21T09:52:41+00:00","og_image":[{"width":620,"height":313,"url":"https:\/\/www.cde.ual.es\/wp-content\/uploads\/2018\/11\/MUSIC-MOVES-EUROPE-AWARDS-2019-e1542793938876.png","type":"image\/png"}],"author":"BECA 2 CDE","twitter_card":"summary_large_image","twitter_creator":"@cdeualmeria","twitter_site":"@cdeualmeria","twitter_misc":{"Written by":"BECA 2 CDE","Est. reading time":"2 minutes"},"schema":{"@context":"https:\/\/schema.org","@graph":[{"@type":"Article","@id":"https:\/\/www.cde.ual.es\/music-moves-europe-talent-awards-2019\/#article","isPartOf":{"@id":"https:\/\/www.cde.ual.es\/music-moves-europe-talent-awards-2019\/"},"author":{"name":"BECA 2 CDE","@id":"https:\/\/www.cde.ual.es\/#\/schema\/person\/ee46ebc19edfa19598c02cff83335acc"},"headline":"Music Moves Europe Talent Awards 2019","datePublished":"2018-11-21T09:52:41+00:00","mainEntityOfPage":{"@id":"https:\/\/www.cde.ual.es\/music-moves-europe-talent-awards-2019\/"},"wordCount":345,"commentCount":0,"publisher":{"@id":"https:\/\/www.cde.ual.es\/#organization"},"image":{"@id":"https:\/\/www.cde.ual.es\/music-moves-europe-talent-awards-2019\/#primaryimage"},"thumbnailUrl":"https:\/\/www.cde.ual.es\/wp-content\/uploads\/2018\/11\/MUSIC-MOVES-EUROPE-AWARDS-2019-e1542793938876.png","keywords":["Cultura y Educaci\u00f3n","Premios"],"articleSection":["Convocatorias y Premios UE"],"inLanguage":"en-US","potentialAction":[{"@type":"CommentAction","name":"Comment","target":["https:\/\/www.cde.ual.es\/music-moves-europe-talent-awards-2019\/#respond"]}]},{"@type":"WebPage","@id":"https:\/\/www.cde.ual.es\/music-moves-europe-talent-awards-2019\/","url":"https:\/\/www.cde.ual.es\/music-moves-europe-talent-awards-2019\/","name":"Music Moves Europe Talent Awards 2019 | CDE Almer\u00eda - Centro de Documentaci\u00f3n Europea - Universidad de Almer\u00eda","isPartOf":{"@id":"https:\/\/www.cde.ual.es\/#website"},"primaryImageOfPage":{"@id":"https:\/\/www.cde.ual.es\/music-moves-europe-talent-awards-2019\/#primaryimage"},"image":{"@id":"https:\/\/www.cde.ual.es\/music-moves-europe-talent-awards-2019\/#primaryimage"},"thumbnailUrl":"https:\/\/www.cde.ual.es\/wp-content\/uploads\/2018\/11\/MUSIC-MOVES-EUROPE-AWARDS-2019-e1542793938876.png","datePublished":"2018-11-21T09:52:41+00:00","breadcrumb":{"@id":"https:\/\/www.cde.ual.es\/music-moves-europe-talent-awards-2019\/#breadcrumb"},"inLanguage":"en-US","potentialAction":[{"@type":"ReadAction","target":["https:\/\/www.cde.ual.es\/music-moves-europe-talent-awards-2019\/"]}]},{"@type":"ImageObject","inLanguage":"en-US","@id":"https:\/\/www.cde.ual.es\/music-moves-europe-talent-awards-2019\/#primaryimage","url":"https:\/\/www.cde.ual.es\/wp-content\/uploads\/2018\/11\/MUSIC-MOVES-EUROPE-AWARDS-2019-e1542793938876.png","contentUrl":"https:\/\/www.cde.ual.es\/wp-content\/uploads\/2018\/11\/MUSIC-MOVES-EUROPE-AWARDS-2019-e1542793938876.png","width":620,"height":313},{"@type":"BreadcrumbList","@id":"https:\/\/www.cde.ual.es\/music-moves-europe-talent-awards-2019\/#breadcrumb","itemListElement":[{"@type":"ListItem","position":1,"name":"Inicio","item":"https:\/\/www.cde.ual.es\/en\/"},{"@type":"ListItem","position":2,"name":"Convocatorias y Premios UE","item":"https:\/\/www.cde.ual.es\/category\/convocatorias-y-premios-ue\/"},{"@type":"ListItem","position":3,"name":"Music Moves Europe Talent Awards 2019"}]},{"@type":"WebSite","@id":"https:\/\/www.cde.ual.es\/#website","url":"https:\/\/www.cde.ual.es\/","name":"CDE Almer\u00eda - Centro de Documentaci\u00f3n Europea - Universidad de Almer\u00eda","description":"Centro de Documentaci\u00f3n Europea de la Universidad de Almer\u00eda","publisher":{"@id":"https:\/\/www.cde.ual.es\/#organization"},"alternateName":"CDE Almer\u00eda","potentialAction":[{"@type":"SearchAction","target":{"@type":"EntryPoint","urlTemplate":"https:\/\/www.cde.ual.es\/?s={search_term_string}"},"query-input":{"@type":"PropertyValueSpecification","valueRequired":true,"valueName":"search_term_string"}}],"inLanguage":"en-US"},{"@type":"Organization","@id":"https:\/\/www.cde.ual.es\/#organization","name":"Centro de Documentaci\u00f3n Europea de Almer\u00eda","url":"https:\/\/www.cde.ual.es\/","logo":{"@type":"ImageObject","inLanguage":"en-US","@id":"https:\/\/www.cde.ual.es\/#\/schema\/logo\/image\/","url":"https:\/\/www.cde.ual.es\/wp-content\/uploads\/2025\/07\/cde-logo-3.png","contentUrl":"https:\/\/www.cde.ual.es\/wp-content\/uploads\/2025\/07\/cde-logo-3.png","width":1400,"height":300,"caption":"Centro de Documentaci\u00f3n Europea de Almer\u00eda"},"image":{"@id":"https:\/\/www.cde.ual.es\/#\/schema\/logo\/image\/"},"sameAs":["https:\/\/www.facebook.com\/cdeuniversidadalmeria\/","https:\/\/x.com\/cdeualmeria","https:\/\/www.tiktok.com\/@cdealmeria","https:\/\/www.instagram.com\/cdealmeria\/","https:\/\/www.linkedin.com\/in\/cde-almera-812b26a9\/"]},{"@type":"Person","@id":"https:\/\/www.cde.ual.es\/#\/schema\/person\/ee46ebc19edfa19598c02cff83335acc","name":"BECA 2 CDE","image":{"@type":"ImageObject","inLanguage":"en-US","@id":"https:\/\/secure.gravatar.com\/avatar\/35a481bbc04bbd90e91bdfa3b0b5541036c222a49b9ad37b6889a2afcb5311a5?s=96&d=mm&r=g","url":"https:\/\/secure.gravatar.com\/avatar\/35a481bbc04bbd90e91bdfa3b0b5541036c222a49b9ad37b6889a2afcb5311a5?s=96&d=mm&r=g","contentUrl":"https:\/\/secure.gravatar.com\/avatar\/35a481bbc04bbd90e91bdfa3b0b5541036c222a49b9ad37b6889a2afcb5311a5?s=96&d=mm&r=g","caption":"BECA 2 CDE"},"sameAs":["http:\/\/www.cdealmeria.com"]}]}},"_links":{"self":[{"href":"https:\/\/www.cde.ual.es\/en\/wp-json\/wp\/v2\/posts\/10035","targetHints":{"allow":["GET"]}}],"collection":[{"href":"https:\/\/www.cde.ual.es\/en\/wp-json\/wp\/v2\/posts"}],"about":[{"href":"https:\/\/www.cde.ual.es\/en\/wp-json\/wp\/v2\/types\/post"}],"author":[{"embeddable":true,"href":"https:\/\/www.cde.ual.es\/en\/wp-json\/wp\/v2\/users\/101011"}],"replies":[{"embeddable":true,"href":"https:\/\/www.cde.ual.es\/en\/wp-json\/wp\/v2\/comments?post=10035"}],"version-history":[{"count":0,"href":"https:\/\/www.cde.ual.es\/en\/wp-json\/wp\/v2\/posts\/10035\/revisions"}],"wp:featuredmedia":[{"embeddable":true,"href":"https:\/\/www.cde.ual.es\/en\/wp-json\/wp\/v2\/media\/10036"}],"wp:attachment":[{"href":"https:\/\/www.cde.ual.es\/en\/wp-json\/wp\/v2\/media?parent=10035"}],"wp:term":[{"taxonomy":"category","embeddable":true,"href":"https:\/\/www.cde.ual.es\/en\/wp-json\/wp\/v2\/categories?post=10035"},{"taxonomy":"post_tag","embeddable":true,"href":"https:\/\/www.cde.ual.es\/en\/wp-json\/wp\/v2\/tags?post=10035"}],"curies":[{"name":"wp","href":"https:\/\/api.w.org\/{rel}","templated":true}]}}