{"id":100008,"date":"2022-03-24T03:00:54","date_gmt":"2022-03-24T02:00:54","guid":{"rendered":"https:\/\/www.cde.ual.es\/?p=100008"},"modified":"2022-03-24T07:58:32","modified_gmt":"2022-03-24T06:58:32","slug":"a-strategic-compass-for-a-stronger-eu-security-and-defence-in-the-next-decade","status":"publish","type":"post","link":"https:\/\/www.cde.ual.es\/en\/a-strategic-compass-for-a-stronger-eu-security-and-defence-in-the-next-decade\/","title":{"rendered":"A Strategic Compass for a stronger EU security and defence in the next decade"},"content":{"rendered":"<div>Today the <strong>Council<\/strong>\u00a0has formally\u00a0<strong>approved the Strategic Compass<\/strong>, at a time when we witness the return of war in Europe.<\/div>\n<div class=\"theoplayer-poster\">\n<p>The Compass gives the European Union an\u00a0<strong>ambitious plan of action<\/strong>\u00a0<strong>for strengthening the EU&#8217;s security and defence policy<\/strong>\u00a0by 2030.<\/p>\n<p>The more hostile security environment requires us to\u00a0<strong>make a quantum leap forward<\/strong>\u00a0and increase our capacity and willingness to act, strengthen our resilience, and invest more and better in our defence capabilities.<\/p>\n<p>The strength of our Union lies in unity, solidarity and determination. The objective of the Strategic Compass is to make the\u00a0<strong>EU a stronger and more capable security provider<\/strong>. The EU needs to be able to protect its citizens and to contribute to international peace and security. This is all the more important at a time when war has returned to Europe, following the unjustified and unprovoked Russian aggression against Ukraine, as well as of major geopolitical shifts. This Strategic Compass will enhance the EU\u2019s strategic autonomy and its ability to work with partners to safeguard its values and interests.<\/p>\n<p>A\u00a0<strong>stronger and more capable EU in security and defence<\/strong>\u00a0will contribute positively to global and transatlantic security and is complementary to NATO, which remains the foundation of collective defence for its members. It will also intensify support for the global rules-based order, with the United Nations at its core.<\/p>\n<p><img decoding=\"async\" class=\"alignleft\" src=\"https:\/\/www.consilium.europa.eu\/media\/45653\/72fbf8ab-eb9c-5541-a2ee-da4a9b5bfca5.jpg\" alt=\"Josep Borrell, High Representative of the European Union for Foreign Affairs and Security Policy\" width=\"109\" height=\"109\" \/><\/p>\n<div class=\"quote_txt\">\n<p>The threats are rising and the cost of inaction is clear. The Strategic Compass is a guide for action. It sets out an ambitious way forward for our security and defence policy for the next decade. It will help us face our security responsibilities, in front of our citizens and the rest of the world. If not now, then when?<\/p>\n<p><cite title=\"Josep Borrell, High Representative of the European Union for Foreign Affairs and Security Policy\">Josep Borrell, High Representative of the European Union for Foreign Affairs and Security Policy<\/cite><\/p>\n<\/div>\n<p>The Strategic Compass provides a shared assessment of the\u00a0<strong>strategic environment<\/strong>\u00a0in which the EU is operating and of the\u00a0<strong>threats and challenges<\/strong>\u00a0the Union faces. The document makes concrete and actionable proposals, with a very precise timetable for implementation, in order to\u00a0<strong>improve the EU&#8217;s ability to act decisively<\/strong>\u00a0in crises and to defend its security and its citizens.<\/p>\n<p>The Compass covers all the aspects of the security and defence policy and is structured around four pillars:\u00a0<strong>act<\/strong>,\u00a0<strong>invest<\/strong>,\u00a0<strong>partner<\/strong>\u00a0and\u00a0<strong>secure<\/strong>.<\/p>\n<h4>Act<\/h4>\n<p>In order to be able to act rapidly and robustly whenever a crisis erupts, with partners if possible and alone when necessary, the EU will:<\/p>\n<p>&#8211; establish a strong\u00a0<strong>EU Rapid Deployment Capacity<\/strong>\u00a0<strong>of up to 5000 troops<\/strong>\u00a0for different types of crises<\/p>\n<p>&#8211; be ready to deploy\u00a0<strong>200<\/strong>\u00a0<strong>fully equipped CSDP mission experts<\/strong>\u00a0within 30 days, including in complex environments<\/p>\n<p>&#8211; conduct regular\u00a0<strong>live exercises on land and at sea<\/strong><\/p>\n<p>&#8211; enhance\u00a0<strong>military mobility<\/strong><\/p>\n<p>&#8211; reinforce the EU&#8217;s\u00a0<strong>civilian and military CSDP\u00a0<\/strong>(Common Defence and Security Policy)\u00a0<strong>missions and operations<\/strong>\u00a0by promoting a rapid and more flexible decision-making process , acting in a more robust way and ensuring greater financial solidarity<\/p>\n<p>&#8211; make full use of the\u00a0<strong>European Peace Facility<\/strong>\u00a0to support partners<\/p>\n<h4>Secure<\/h4>\n<p>In order to strengthen its ability to anticipate, deter and respond to current and fast-emerging threats and challenges, and safeguard the EU&#8217;s security interest, the EU will:<\/p>\n<p>&#8211; boost its\u00a0<strong>intelligence\u00a0<\/strong>analysis capacities<\/p>\n<p>&#8211; develop\u00a0<strong>Hybrid Toolbox and Response Teams<\/strong>\u00a0bringing together different instruments to detect and respond to a broad range of hybrid threats<\/p>\n<p>&#8211; further develop the\u00a0<strong>Cyber Diplomatic Toolbox and set up an EU Cyber Defence Policy<\/strong>\u00a0to be better prepared for and respond to cyberattacks<\/p>\n<p>&#8211; develop a\u00a0<strong>Foreign Information Manipulation and Interference<\/strong>\u00a0Toolbox<\/p>\n<p>&#8211; develop an\u00a0<strong>EU Space Strategy for Security and Defence<\/strong><\/p>\n<p>&#8211; strengthen the EU\u2019s role as a\u00a0<strong>maritime security actor<\/strong><\/p>\n<h4>Invest<\/h4>\n<p>Member states have committed to\u00a0<strong>substantially<\/strong>\u00a0<strong>enhance their defence expenditures<\/strong>\u00a0to match our collective ambition to reduce critical military and civilian capability gaps and\u00a0<strong>strengthen our European Defence Technological and Industrial Base<\/strong>. The EU will:<\/p>\n<p>&#8211; exchange on national\u00a0<strong>objectives<\/strong>\u00a0<strong>on increased and improved defence spending<\/strong>\u00a0to match our security needs<\/p>\n<p>&#8211; provide further incentives for member states to engage in collaborative capability development and jointly invest in\u00a0<strong>strategic enablers<\/strong>\u00a0and\u00a0<strong>next generation capabilities<\/strong>\u00a0to operate on land, at sea, in the air, in the cyber domain and in outer space<\/p>\n<p>&#8211;\u00a0<strong>boost<\/strong>\u00a0<strong>defence technological innovation<\/strong>\u00a0to fill strategic gaps and\u00a0<strong>reduce\u00a0<\/strong><strong>technological and industrial<\/strong>\u00a0<strong>dependencies<\/strong><\/p>\n<h4>Partner<\/h4>\n<p>In order to address common threats and challenges, the EU will:<\/p>\n<p>&#8211; strengthen cooperation with strategic partners such as\u00a0<strong>NATO<\/strong>, the\u00a0<strong>UN<\/strong>\u00a0and\u00a0<strong>regional partners<\/strong>, including the OSCE, AU and ASEAN<\/p>\n<p>&#8211; develop more tailored\u00a0<strong>bilateral partnerships with like-minded countries<\/strong>\u00a0and strategic partners, such as the US, Canada, Norway, the UK, Japan and others<\/p>\n<p>&#8211; develop\u00a0<strong>tailored<\/strong>\u00a0<strong>partnerships\u00a0<\/strong>in the Western Balkans, our eastern and southern neighbourhood, Africa, Asia and Latin America, including through enhancing dialogue and cooperation, promoting\u00a0<strong>participation in CSDP missions and operations and supporting capacity- building<\/strong><\/p>\n<h4>Background and next steps<\/h4>\n<p>The first version of the Strategic Compass was tabled by the High Representative in November 2021, based on the first ever threat analysis to which the intelligence services of the 27 EU member states contributed and a structured dialogue phase amongst EU member states, EU institutions and experts. Successive versions were discussed in February and March 2022 to reflect the debate between member states and to take into account the Commission&#8217;s package on defence and space of 15 February and the latest international developments, including in particular Russia\u2019s military aggression against Ukraine. It contributes directly to the implementation of the Versailles agenda.<\/p>\n<p>Once approved, the Strategic Compass is then expected to be endorsed by the European Council on 24-25 March 2022.<\/p>\n<ul class=\"council-link-list padding-bottom-20\">\n<li><a class=\"link-pdf at-file-click\" title=\"Documento PDF - A Strategic Compass for Security and Defence, 21 March 2022\" href=\"https:\/\/data.consilium.europa.eu\/doc\/document\/ST-7371-2022-INIT\/en\/pdf\" rel=\"nofollow\">A Strategic Compass for Security and Defence, 21 March 2022<\/a><\/li>\n<li><a class=\"link-external at-external-click\" title=\"Enlace externo - EU Rapid Deployment Capacity (EEAS factsheet)\" href=\"https:\/\/eeas.europa.eu\/headquarters\/headquarters-homepage\/113144\/eu-rapid-deployment-capacity_en\">EU Rapid Deployment Capacity (EEAS factsheet)<\/a><\/li>\n<li><a class=\"link-external at-external-click\" title=\"Enlace externo - A Strategic Compass for the EU (EEAS factsheet)\" href=\"https:\/\/eeas.europa.eu\/headquarters\/headquarters-homepage\/89047\/towards-strategic-compass_en\">A Strategic Compass for the EU (EEAS factsheet)<\/a><\/li>\n<li><a class=\"link-external at-external-click\" title=\"Enlace externo - Questions and answers: a background for the Strategic Compass (EEAS)\" href=\"https:\/\/eeas.europa.eu\/headquarters\/headquarters-homepage\/97895\/questions-and-answers-background-strategic-compass_en\">Questions and answers: a background for the Strategic Compass (EEAS)<\/a><\/li>\n<li><a class=\"\" title=\"Statement of the heads of state or government, meeting in Versailles, on the Russian military aggression against Ukraine, 10 March 2022\" href=\"https:\/\/www.consilium.europa.eu\/es\/press\/press-releases\/2022\/03\/11\/statement-of-the-heads-of-state-or-government-on-the-russian-aggression-against-ukraine-10-03-2022\/\">Statement of the heads of state or government, meeting in Versailles, on the Russian military aggression against Ukraine, 10 March 2022<\/a><\/li>\n<li><a class=\"link-external at-external-click\" title=\"Enlace externo - Commission unveils significant actions to contribute to European Defence, boost innovation and address strategic dependencies, European Commission\" href=\"https:\/\/ec.europa.eu\/commission\/presscorner\/detail\/en\/IP_22_924\">Commission unveils significant actions to contribute to European Defence, boost innovation and address strategic dependencies, European Commission<\/a><\/li>\n<\/ul>\n<p><strong><a href=\"https:\/\/www.consilium.europa.eu\/es\/press\/press-releases\/2022\/03\/21\/a-strategic-compass-for-a-stronger-eu-security-and-defence-in-the-next-decade\/\">More information: European Council &#8211; Press release<\/a><\/strong><\/p>\n<\/div>\n","protected":false},"excerpt":{"rendered":"<p>Today the Council\u00a0has formally\u00a0approved the Strategic Compass, at a time when we witness the return of war in Europe. The Compass gives the European Union an\u00a0ambitious plan of action\u00a0for strengthening the EU&#8217;s security and defence policy\u00a0by 2030. The more hostile security environment requires us to\u00a0make a quantum leap forward\u00a0and increase our capacity and willingness to [&hellip;]<\/p>\n","protected":false},"author":101011,"featured_media":99446,"comment_status":"open","ping_status":"open","sticky":false,"template":"","format":"standard","meta":{"_acf_changed":false,"_relevanssi_hide_post":"","_relevanssi_hide_content":"","_relevanssi_pin_for_all":"","_relevanssi_pin_keywords":"","_relevanssi_unpin_keywords":"","_relevanssi_related_keywords":"","_relevanssi_related_include_ids":"","_relevanssi_related_exclude_ids":"","_relevanssi_related_no_append":"","_relevanssi_related_not_related":"","_relevanssi_related_posts":"","_relevanssi_noindex_reason":"","_monsterinsights_skip_tracking":false,"_monsterinsights_sitenote_active":false,"_monsterinsights_sitenote_note":"","_monsterinsights_sitenote_category":0,"_genesis_hide_title":false,"_genesis_hide_breadcrumbs":false,"_genesis_hide_singular_image":false,"_genesis_hide_footer_widgets":false,"_genesis_custom_body_class":"","_genesis_custom_post_class":"","_genesis_layout":"","footnotes":""},"categories":[4075,346,4078],"tags":[],"class_list":{"0":"post-100008","1":"post","2":"type-post","3":"status-publish","4":"format-standard","5":"has-post-thumbnail","7":"category-defence-security","8":"category-eu-news","9":"category-internat-safety-pol","10":"entry"},"acf":[],"yoast_head":"<!-- This site is optimized with the Yoast SEO plugin v27.5 - https:\/\/yoast.com\/product\/yoast-seo-wordpress\/ -->\n<title>A Strategic Compass for a stronger EU security and defence in the next decade | CDE Almer\u00eda - Centro de Documentaci\u00f3n Europea - Universidad de Almer\u00eda<\/title>\n<meta name=\"robots\" content=\"index, follow, max-snippet:-1, max-image-preview:large, max-video-preview:-1\" \/>\n<link rel=\"canonical\" href=\"https:\/\/www.cde.ual.es\/en\/a-strategic-compass-for-a-stronger-eu-security-and-defence-in-the-next-decade\/\" \/>\n<meta property=\"og:locale\" content=\"en_US\" \/>\n<meta property=\"og:type\" content=\"article\" \/>\n<meta property=\"og:title\" content=\"A Strategic Compass for a stronger EU security and defence in the next decade | CDE Almer\u00eda - Centro de Documentaci\u00f3n Europea - Universidad de Almer\u00eda\" \/>\n<meta property=\"og:description\" content=\"Today the Council\u00a0has formally\u00a0approved the Strategic Compass, at a time when we witness the return of war in Europe. The Compass gives the European Union an\u00a0ambitious plan of action\u00a0for strengthening the EU&#8217;s security and defence policy\u00a0by 2030. The more hostile security environment requires us to\u00a0make a quantum leap forward\u00a0and increase our capacity and willingness to [&hellip;]\" \/>\n<meta property=\"og:url\" content=\"https:\/\/www.cde.ual.es\/en\/a-strategic-compass-for-a-stronger-eu-security-and-defence-in-the-next-decade\/\" \/>\n<meta property=\"og:site_name\" content=\"CDE Almer\u00eda - Centro de Documentaci\u00f3n Europea - Universidad de Almer\u00eda\" \/>\n<meta property=\"article:publisher\" content=\"https:\/\/www.facebook.com\/cdeuniversidadalmeria\/\" \/>\n<meta property=\"article:published_time\" content=\"2022-03-24T02:00:54+00:00\" \/>\n<meta property=\"article:modified_time\" content=\"2022-03-24T06:58:32+00:00\" \/>\n<meta property=\"og:image\" content=\"https:\/\/www.cde.ual.es\/wp-content\/uploads\/2022\/03\/josep-borrell-debate-parlamento-europeo_98.webp\" \/>\n\t<meta property=\"og:image:width\" content=\"1900\" \/>\n\t<meta property=\"og:image:height\" content=\"1069\" \/>\n\t<meta property=\"og:image:type\" content=\"image\/webp\" \/>\n<meta name=\"author\" content=\"BECA 2 CDE\" \/>\n<meta name=\"twitter:card\" content=\"summary_large_image\" \/>\n<meta name=\"twitter:creator\" content=\"@cdeualmeria\" \/>\n<meta name=\"twitter:site\" content=\"@cdeualmeria\" \/>\n<meta name=\"twitter:label1\" content=\"Written by\" \/>\n\t<meta name=\"twitter:data1\" content=\"BECA 2 CDE\" \/>\n\t<meta name=\"twitter:label2\" content=\"Est. reading time\" \/>\n\t<meta name=\"twitter:data2\" content=\"5 minutes\" \/>\n<script type=\"application\/ld+json\" class=\"yoast-schema-graph\">{\"@context\":\"https:\\\/\\\/schema.org\",\"@graph\":[{\"@type\":\"Article\",\"@id\":\"https:\\\/\\\/www.cde.ual.es\\\/en\\\/a-strategic-compass-for-a-stronger-eu-security-and-defence-in-the-next-decade\\\/#article\",\"isPartOf\":{\"@id\":\"https:\\\/\\\/www.cde.ual.es\\\/en\\\/a-strategic-compass-for-a-stronger-eu-security-and-defence-in-the-next-decade\\\/\"},\"author\":{\"name\":\"BECA 2 CDE\",\"@id\":\"https:\\\/\\\/www.cde.ual.es\\\/#\\\/schema\\\/person\\\/ee46ebc19edfa19598c02cff83335acc\"},\"headline\":\"A Strategic Compass for a stronger EU security and defence in the next decade\",\"datePublished\":\"2022-03-24T02:00:54+00:00\",\"dateModified\":\"2022-03-24T06:58:32+00:00\",\"mainEntityOfPage\":{\"@id\":\"https:\\\/\\\/www.cde.ual.es\\\/en\\\/a-strategic-compass-for-a-stronger-eu-security-and-defence-in-the-next-decade\\\/\"},\"wordCount\":1025,\"commentCount\":0,\"publisher\":{\"@id\":\"https:\\\/\\\/www.cde.ual.es\\\/#organization\"},\"image\":{\"@id\":\"https:\\\/\\\/www.cde.ual.es\\\/en\\\/a-strategic-compass-for-a-stronger-eu-security-and-defence-in-the-next-decade\\\/#primaryimage\"},\"thumbnailUrl\":\"https:\\\/\\\/www.cde.ual.es\\\/wp-content\\\/uploads\\\/2022\\\/03\\\/josep-borrell-debate-parlamento-europeo_98.webp\",\"articleSection\":[\"Defence &amp; Security\",\"EU News\",\"International Safety and Defence Politics\"],\"inLanguage\":\"en-US\",\"potentialAction\":[{\"@type\":\"CommentAction\",\"name\":\"Comment\",\"target\":[\"https:\\\/\\\/www.cde.ual.es\\\/en\\\/a-strategic-compass-for-a-stronger-eu-security-and-defence-in-the-next-decade\\\/#respond\"]}]},{\"@type\":\"WebPage\",\"@id\":\"https:\\\/\\\/www.cde.ual.es\\\/en\\\/a-strategic-compass-for-a-stronger-eu-security-and-defence-in-the-next-decade\\\/\",\"url\":\"https:\\\/\\\/www.cde.ual.es\\\/en\\\/a-strategic-compass-for-a-stronger-eu-security-and-defence-in-the-next-decade\\\/\",\"name\":\"A Strategic Compass for a stronger EU security and defence in the next decade | CDE Almer\u00eda - Centro de Documentaci\u00f3n Europea - Universidad de Almer\u00eda\",\"isPartOf\":{\"@id\":\"https:\\\/\\\/www.cde.ual.es\\\/#website\"},\"primaryImageOfPage\":{\"@id\":\"https:\\\/\\\/www.cde.ual.es\\\/en\\\/a-strategic-compass-for-a-stronger-eu-security-and-defence-in-the-next-decade\\\/#primaryimage\"},\"image\":{\"@id\":\"https:\\\/\\\/www.cde.ual.es\\\/en\\\/a-strategic-compass-for-a-stronger-eu-security-and-defence-in-the-next-decade\\\/#primaryimage\"},\"thumbnailUrl\":\"https:\\\/\\\/www.cde.ual.es\\\/wp-content\\\/uploads\\\/2022\\\/03\\\/josep-borrell-debate-parlamento-europeo_98.webp\",\"datePublished\":\"2022-03-24T02:00:54+00:00\",\"dateModified\":\"2022-03-24T06:58:32+00:00\",\"breadcrumb\":{\"@id\":\"https:\\\/\\\/www.cde.ual.es\\\/en\\\/a-strategic-compass-for-a-stronger-eu-security-and-defence-in-the-next-decade\\\/#breadcrumb\"},\"inLanguage\":\"en-US\",\"potentialAction\":[{\"@type\":\"ReadAction\",\"target\":[\"https:\\\/\\\/www.cde.ual.es\\\/en\\\/a-strategic-compass-for-a-stronger-eu-security-and-defence-in-the-next-decade\\\/\"]}]},{\"@type\":\"ImageObject\",\"inLanguage\":\"en-US\",\"@id\":\"https:\\\/\\\/www.cde.ual.es\\\/en\\\/a-strategic-compass-for-a-stronger-eu-security-and-defence-in-the-next-decade\\\/#primaryimage\",\"url\":\"https:\\\/\\\/www.cde.ual.es\\\/wp-content\\\/uploads\\\/2022\\\/03\\\/josep-borrell-debate-parlamento-europeo_98.webp\",\"contentUrl\":\"https:\\\/\\\/www.cde.ual.es\\\/wp-content\\\/uploads\\\/2022\\\/03\\\/josep-borrell-debate-parlamento-europeo_98.webp\",\"width\":1900,\"height\":1069,\"caption\":\"josep borrell\"},{\"@type\":\"BreadcrumbList\",\"@id\":\"https:\\\/\\\/www.cde.ual.es\\\/en\\\/a-strategic-compass-for-a-stronger-eu-security-and-defence-in-the-next-decade\\\/#breadcrumb\",\"itemListElement\":[{\"@type\":\"ListItem\",\"position\":1,\"name\":\"Inicio\",\"item\":\"https:\\\/\\\/www.cde.ual.es\\\/en\\\/\"},{\"@type\":\"ListItem\",\"position\":2,\"name\":\"EU News\",\"item\":\"https:\\\/\\\/www.cde.ual.es\\\/en\\\/category\\\/eu-news\\\/\"},{\"@type\":\"ListItem\",\"position\":3,\"name\":\"Defence &amp; Security\",\"item\":\"https:\\\/\\\/www.cde.ual.es\\\/en\\\/category\\\/eu-news\\\/defence-security\\\/\"},{\"@type\":\"ListItem\",\"position\":4,\"name\":\"International Safety and Defence Politics\",\"item\":\"https:\\\/\\\/www.cde.ual.es\\\/en\\\/category\\\/eu-news\\\/defence-security\\\/internat-safety-pol\\\/\"},{\"@type\":\"ListItem\",\"position\":5,\"name\":\"A Strategic Compass for a stronger EU security and defence in the next decade\"}]},{\"@type\":\"WebSite\",\"@id\":\"https:\\\/\\\/www.cde.ual.es\\\/#website\",\"url\":\"https:\\\/\\\/www.cde.ual.es\\\/\",\"name\":\"CDE Almer\u00eda - Centro de Documentaci\u00f3n Europea - Universidad de Almer\u00eda\",\"description\":\"Centro de Documentaci\u00f3n Europea de la Universidad de Almer\u00eda\",\"publisher\":{\"@id\":\"https:\\\/\\\/www.cde.ual.es\\\/#organization\"},\"alternateName\":\"CDE Almer\u00eda\",\"potentialAction\":[{\"@type\":\"SearchAction\",\"target\":{\"@type\":\"EntryPoint\",\"urlTemplate\":\"https:\\\/\\\/www.cde.ual.es\\\/?s={search_term_string}\"},\"query-input\":{\"@type\":\"PropertyValueSpecification\",\"valueRequired\":true,\"valueName\":\"search_term_string\"}}],\"inLanguage\":\"en-US\"},{\"@type\":\"Organization\",\"@id\":\"https:\\\/\\\/www.cde.ual.es\\\/#organization\",\"name\":\"Centro de Documentaci\u00f3n Europea de Almer\u00eda\",\"url\":\"https:\\\/\\\/www.cde.ual.es\\\/\",\"logo\":{\"@type\":\"ImageObject\",\"inLanguage\":\"en-US\",\"@id\":\"https:\\\/\\\/www.cde.ual.es\\\/#\\\/schema\\\/logo\\\/image\\\/\",\"url\":\"https:\\\/\\\/www.cde.ual.es\\\/wp-content\\\/uploads\\\/2025\\\/07\\\/cde-logo-3.png\",\"contentUrl\":\"https:\\\/\\\/www.cde.ual.es\\\/wp-content\\\/uploads\\\/2025\\\/07\\\/cde-logo-3.png\",\"width\":1400,\"height\":300,\"caption\":\"Centro de Documentaci\u00f3n Europea de Almer\u00eda\"},\"image\":{\"@id\":\"https:\\\/\\\/www.cde.ual.es\\\/#\\\/schema\\\/logo\\\/image\\\/\"},\"sameAs\":[\"https:\\\/\\\/www.facebook.com\\\/cdeuniversidadalmeria\\\/\",\"https:\\\/\\\/x.com\\\/cdeualmeria\",\"https:\\\/\\\/www.tiktok.com\\\/@cdealmeria\",\"https:\\\/\\\/www.instagram.com\\\/cdealmeria\\\/\",\"https:\\\/\\\/www.linkedin.com\\\/in\\\/cde-almera-812b26a9\\\/\"]},{\"@type\":\"Person\",\"@id\":\"https:\\\/\\\/www.cde.ual.es\\\/#\\\/schema\\\/person\\\/ee46ebc19edfa19598c02cff83335acc\",\"name\":\"BECA 2 CDE\",\"image\":{\"@type\":\"ImageObject\",\"inLanguage\":\"en-US\",\"@id\":\"https:\\\/\\\/secure.gravatar.com\\\/avatar\\\/35a481bbc04bbd90e91bdfa3b0b5541036c222a49b9ad37b6889a2afcb5311a5?s=96&d=mm&r=g\",\"url\":\"https:\\\/\\\/secure.gravatar.com\\\/avatar\\\/35a481bbc04bbd90e91bdfa3b0b5541036c222a49b9ad37b6889a2afcb5311a5?s=96&d=mm&r=g\",\"contentUrl\":\"https:\\\/\\\/secure.gravatar.com\\\/avatar\\\/35a481bbc04bbd90e91bdfa3b0b5541036c222a49b9ad37b6889a2afcb5311a5?s=96&d=mm&r=g\",\"caption\":\"BECA 2 CDE\"},\"sameAs\":[\"http:\\\/\\\/www.cdealmeria.com\"]}]}<\/script>\n<!-- \/ Yoast SEO plugin. -->","yoast_head_json":{"title":"A Strategic Compass for a stronger EU security and defence in the next decade | CDE Almer\u00eda - Centro de Documentaci\u00f3n Europea - Universidad de Almer\u00eda","robots":{"index":"index","follow":"follow","max-snippet":"max-snippet:-1","max-image-preview":"max-image-preview:large","max-video-preview":"max-video-preview:-1"},"canonical":"https:\/\/www.cde.ual.es\/en\/a-strategic-compass-for-a-stronger-eu-security-and-defence-in-the-next-decade\/","og_locale":"en_US","og_type":"article","og_title":"A Strategic Compass for a stronger EU security and defence in the next decade | CDE Almer\u00eda - Centro de Documentaci\u00f3n Europea - Universidad de Almer\u00eda","og_description":"Today the Council\u00a0has formally\u00a0approved the Strategic Compass, at a time when we witness the return of war in Europe. The Compass gives the European Union an\u00a0ambitious plan of action\u00a0for strengthening the EU&#8217;s security and defence policy\u00a0by 2030. The more hostile security environment requires us to\u00a0make a quantum leap forward\u00a0and increase our capacity and willingness to [&hellip;]","og_url":"https:\/\/www.cde.ual.es\/en\/a-strategic-compass-for-a-stronger-eu-security-and-defence-in-the-next-decade\/","og_site_name":"CDE Almer\u00eda - Centro de Documentaci\u00f3n Europea - Universidad de Almer\u00eda","article_publisher":"https:\/\/www.facebook.com\/cdeuniversidadalmeria\/","article_published_time":"2022-03-24T02:00:54+00:00","article_modified_time":"2022-03-24T06:58:32+00:00","og_image":[{"width":1900,"height":1069,"url":"https:\/\/www.cde.ual.es\/wp-content\/uploads\/2022\/03\/josep-borrell-debate-parlamento-europeo_98.webp","type":"image\/webp"}],"author":"BECA 2 CDE","twitter_card":"summary_large_image","twitter_creator":"@cdeualmeria","twitter_site":"@cdeualmeria","twitter_misc":{"Written by":"BECA 2 CDE","Est. reading time":"5 minutes"},"schema":{"@context":"https:\/\/schema.org","@graph":[{"@type":"Article","@id":"https:\/\/www.cde.ual.es\/en\/a-strategic-compass-for-a-stronger-eu-security-and-defence-in-the-next-decade\/#article","isPartOf":{"@id":"https:\/\/www.cde.ual.es\/en\/a-strategic-compass-for-a-stronger-eu-security-and-defence-in-the-next-decade\/"},"author":{"name":"BECA 2 CDE","@id":"https:\/\/www.cde.ual.es\/#\/schema\/person\/ee46ebc19edfa19598c02cff83335acc"},"headline":"A Strategic Compass for a stronger EU security and defence in the next decade","datePublished":"2022-03-24T02:00:54+00:00","dateModified":"2022-03-24T06:58:32+00:00","mainEntityOfPage":{"@id":"https:\/\/www.cde.ual.es\/en\/a-strategic-compass-for-a-stronger-eu-security-and-defence-in-the-next-decade\/"},"wordCount":1025,"commentCount":0,"publisher":{"@id":"https:\/\/www.cde.ual.es\/#organization"},"image":{"@id":"https:\/\/www.cde.ual.es\/en\/a-strategic-compass-for-a-stronger-eu-security-and-defence-in-the-next-decade\/#primaryimage"},"thumbnailUrl":"https:\/\/www.cde.ual.es\/wp-content\/uploads\/2022\/03\/josep-borrell-debate-parlamento-europeo_98.webp","articleSection":["Defence &amp; Security","EU News","International Safety and Defence Politics"],"inLanguage":"en-US","potentialAction":[{"@type":"CommentAction","name":"Comment","target":["https:\/\/www.cde.ual.es\/en\/a-strategic-compass-for-a-stronger-eu-security-and-defence-in-the-next-decade\/#respond"]}]},{"@type":"WebPage","@id":"https:\/\/www.cde.ual.es\/en\/a-strategic-compass-for-a-stronger-eu-security-and-defence-in-the-next-decade\/","url":"https:\/\/www.cde.ual.es\/en\/a-strategic-compass-for-a-stronger-eu-security-and-defence-in-the-next-decade\/","name":"A Strategic Compass for a stronger EU security and defence in the next decade | CDE Almer\u00eda - Centro de Documentaci\u00f3n Europea - Universidad de Almer\u00eda","isPartOf":{"@id":"https:\/\/www.cde.ual.es\/#website"},"primaryImageOfPage":{"@id":"https:\/\/www.cde.ual.es\/en\/a-strategic-compass-for-a-stronger-eu-security-and-defence-in-the-next-decade\/#primaryimage"},"image":{"@id":"https:\/\/www.cde.ual.es\/en\/a-strategic-compass-for-a-stronger-eu-security-and-defence-in-the-next-decade\/#primaryimage"},"thumbnailUrl":"https:\/\/www.cde.ual.es\/wp-content\/uploads\/2022\/03\/josep-borrell-debate-parlamento-europeo_98.webp","datePublished":"2022-03-24T02:00:54+00:00","dateModified":"2022-03-24T06:58:32+00:00","breadcrumb":{"@id":"https:\/\/www.cde.ual.es\/en\/a-strategic-compass-for-a-stronger-eu-security-and-defence-in-the-next-decade\/#breadcrumb"},"inLanguage":"en-US","potentialAction":[{"@type":"ReadAction","target":["https:\/\/www.cde.ual.es\/en\/a-strategic-compass-for-a-stronger-eu-security-and-defence-in-the-next-decade\/"]}]},{"@type":"ImageObject","inLanguage":"en-US","@id":"https:\/\/www.cde.ual.es\/en\/a-strategic-compass-for-a-stronger-eu-security-and-defence-in-the-next-decade\/#primaryimage","url":"https:\/\/www.cde.ual.es\/wp-content\/uploads\/2022\/03\/josep-borrell-debate-parlamento-europeo_98.webp","contentUrl":"https:\/\/www.cde.ual.es\/wp-content\/uploads\/2022\/03\/josep-borrell-debate-parlamento-europeo_98.webp","width":1900,"height":1069,"caption":"josep borrell"},{"@type":"BreadcrumbList","@id":"https:\/\/www.cde.ual.es\/en\/a-strategic-compass-for-a-stronger-eu-security-and-defence-in-the-next-decade\/#breadcrumb","itemListElement":[{"@type":"ListItem","position":1,"name":"Inicio","item":"https:\/\/www.cde.ual.es\/en\/"},{"@type":"ListItem","position":2,"name":"EU News","item":"https:\/\/www.cde.ual.es\/en\/category\/eu-news\/"},{"@type":"ListItem","position":3,"name":"Defence &amp; Security","item":"https:\/\/www.cde.ual.es\/en\/category\/eu-news\/defence-security\/"},{"@type":"ListItem","position":4,"name":"International Safety and Defence Politics","item":"https:\/\/www.cde.ual.es\/en\/category\/eu-news\/defence-security\/internat-safety-pol\/"},{"@type":"ListItem","position":5,"name":"A Strategic Compass for a stronger EU security and defence in the next decade"}]},{"@type":"WebSite","@id":"https:\/\/www.cde.ual.es\/#website","url":"https:\/\/www.cde.ual.es\/","name":"CDE Almer\u00eda - Centro de Documentaci\u00f3n Europea - Universidad de Almer\u00eda","description":"Centro de Documentaci\u00f3n Europea de la Universidad de Almer\u00eda","publisher":{"@id":"https:\/\/www.cde.ual.es\/#organization"},"alternateName":"CDE Almer\u00eda","potentialAction":[{"@type":"SearchAction","target":{"@type":"EntryPoint","urlTemplate":"https:\/\/www.cde.ual.es\/?s={search_term_string}"},"query-input":{"@type":"PropertyValueSpecification","valueRequired":true,"valueName":"search_term_string"}}],"inLanguage":"en-US"},{"@type":"Organization","@id":"https:\/\/www.cde.ual.es\/#organization","name":"Centro de Documentaci\u00f3n Europea de Almer\u00eda","url":"https:\/\/www.cde.ual.es\/","logo":{"@type":"ImageObject","inLanguage":"en-US","@id":"https:\/\/www.cde.ual.es\/#\/schema\/logo\/image\/","url":"https:\/\/www.cde.ual.es\/wp-content\/uploads\/2025\/07\/cde-logo-3.png","contentUrl":"https:\/\/www.cde.ual.es\/wp-content\/uploads\/2025\/07\/cde-logo-3.png","width":1400,"height":300,"caption":"Centro de Documentaci\u00f3n Europea de Almer\u00eda"},"image":{"@id":"https:\/\/www.cde.ual.es\/#\/schema\/logo\/image\/"},"sameAs":["https:\/\/www.facebook.com\/cdeuniversidadalmeria\/","https:\/\/x.com\/cdeualmeria","https:\/\/www.tiktok.com\/@cdealmeria","https:\/\/www.instagram.com\/cdealmeria\/","https:\/\/www.linkedin.com\/in\/cde-almera-812b26a9\/"]},{"@type":"Person","@id":"https:\/\/www.cde.ual.es\/#\/schema\/person\/ee46ebc19edfa19598c02cff83335acc","name":"BECA 2 CDE","image":{"@type":"ImageObject","inLanguage":"en-US","@id":"https:\/\/secure.gravatar.com\/avatar\/35a481bbc04bbd90e91bdfa3b0b5541036c222a49b9ad37b6889a2afcb5311a5?s=96&d=mm&r=g","url":"https:\/\/secure.gravatar.com\/avatar\/35a481bbc04bbd90e91bdfa3b0b5541036c222a49b9ad37b6889a2afcb5311a5?s=96&d=mm&r=g","contentUrl":"https:\/\/secure.gravatar.com\/avatar\/35a481bbc04bbd90e91bdfa3b0b5541036c222a49b9ad37b6889a2afcb5311a5?s=96&d=mm&r=g","caption":"BECA 2 CDE"},"sameAs":["http:\/\/www.cdealmeria.com"]}]}},"_links":{"self":[{"href":"https:\/\/www.cde.ual.es\/en\/wp-json\/wp\/v2\/posts\/100008","targetHints":{"allow":["GET"]}}],"collection":[{"href":"https:\/\/www.cde.ual.es\/en\/wp-json\/wp\/v2\/posts"}],"about":[{"href":"https:\/\/www.cde.ual.es\/en\/wp-json\/wp\/v2\/types\/post"}],"author":[{"embeddable":true,"href":"https:\/\/www.cde.ual.es\/en\/wp-json\/wp\/v2\/users\/101011"}],"replies":[{"embeddable":true,"href":"https:\/\/www.cde.ual.es\/en\/wp-json\/wp\/v2\/comments?post=100008"}],"version-history":[{"count":0,"href":"https:\/\/www.cde.ual.es\/en\/wp-json\/wp\/v2\/posts\/100008\/revisions"}],"wp:featuredmedia":[{"embeddable":true,"href":"https:\/\/www.cde.ual.es\/en\/wp-json\/wp\/v2\/media\/99446"}],"wp:attachment":[{"href":"https:\/\/www.cde.ual.es\/en\/wp-json\/wp\/v2\/media?parent=100008"}],"wp:term":[{"taxonomy":"category","embeddable":true,"href":"https:\/\/www.cde.ual.es\/en\/wp-json\/wp\/v2\/categories?post=100008"},{"taxonomy":"post_tag","embeddable":true,"href":"https:\/\/www.cde.ual.es\/en\/wp-json\/wp\/v2\/tags?post=100008"}],"curies":[{"name":"wp","href":"https:\/\/api.w.org\/{rel}","templated":true}]}}